{"id":9037,"date":"2017-10-03T08:12:02","date_gmt":"2017-10-03T11:12:02","guid":{"rendered":"http:\/\/www.ifbaiano.edu.br\/unidades\/lapa\/?p=9037"},"modified":"2017-10-03T08:17:15","modified_gmt":"2017-10-03T11:17:15","slug":"aberto-processo-seletivo-para-vagas-remanescentes-2017-2-engenharia-agronomica","status":"publish","type":"post","link":"https:\/\/www.ifbaiano.edu.br\/unidades\/lapa\/2017\/10\/03\/aberto-processo-seletivo-para-vagas-remanescentes-2017-2-engenharia-agronomica\/","title":{"rendered":"Aberto Processo Seletivo para Vagas Remanescentes 2017.2 Engenharia Agron\u00f4mica"},"content":{"rendered":"<p><a href=\"http:\/\/www.ifbaiano.edu.br\/unidades\/lapa\/files\/2017\/08\/banner-campus-bom-jesus-da-lapa-informa-1.jpg\"><img decoding=\"async\" loading=\"lazy\" class=\"aligncenter size-full wp-image-7972\" src=\"http:\/\/www.ifbaiano.edu.br\/unidades\/lapa\/files\/2017\/08\/banner-campus-bom-jesus-da-lapa-informa-1.jpg\" alt=\"banner-campus-bom-jesus-da-lapa-informa\" width=\"787\" height=\"107\" \/><\/a><\/p>\n<p style=\"text-align: justify\">A Dire\u00e7\u00e3o Geral do Instituto Federal de Educa\u00e7\u00e3o, Ci\u00eancia e Tecnologia Baiano &#8211; Campus Bom Jesus da Lapa faz saber aos interessados que estar\u00e3o abertas as inscri\u00e7\u00f5es para preenchimento de vagas remanescentes no curso de Bacharelado em Engenharia Agron\u00f4mica, no per\u00edodo de 04 a 12 de outubro de 2017 para ingresso no segundo semestre letivo de 2017. As vagas poder\u00e3o ser preenchidas por transfer\u00eancia externa, por portador de diploma de Educa\u00e7\u00e3o Superior, oriundos de Institui\u00e7\u00e3o de Ensino Superior, de acordo com a Organiza\u00e7\u00e3o Did\u00e1tica dos Cursos da Educa\u00e7\u00e3o Superior do Instituto Federal de Educa\u00e7\u00e3o, Ci\u00eancia e Tecnologia Baiano (IF Baiano), conforme Resolu\u00e7\u00e3o n\u00ba 19 do Conselho Superior\/IF Baiano, 31 de outubro de 2012.<\/p>\n<p>&nbsp;<\/p>\n<p>Clique aqui para ler o\u00a0<strong><a href=\"http:\/\/www.ifbaiano.edu.br\/unidades\/lapa\/files\/2017\/10\/Edital-08-de-02-de-outubro-de-2017.pdf\" target=\"_blank\">EDITAL<\/a><\/strong><b> <\/b>ou em\u00a0<a href=\"http:\/\/www.ifbaiano.edu.br\/unidades\/lapa\/processo_seletivo\/\" target=\"_blank\">http:\/\/www.ifbaiano.edu.br\/unidades\/lapa\/processo_seletivo\/<\/a><\/p>\n<hr \/>\n<p>&nbsp;<\/p>\n","protected":false},"excerpt":{"rendered":"<p>A Dire\u00e7\u00e3o Geral do Instituto Federal de Educa\u00e7\u00e3o, Ci\u00eancia e Tecnologia Baiano &#8211; Campus Bom Jesus da Lapa faz saber aos interessados que estar\u00e3o abertas as inscri\u00e7\u00f5es para preenchimento de vagas remanescentes no curso de Bacharelado em Engenharia Agron\u00f4mica, no per\u00edodo de 04 a 12 de outubro de 2017 para ingresso no segundo semestre letivo [&hellip;]<\/p>\n","protected":false},"author":84,"featured_media":0,"comment_status":"open","ping_status":"open","sticky":false,"template":"","format":"standard","meta":[],"categories":[74,64,24,73,65],"tags":[],"_links":{"self":[{"href":"https:\/\/www.ifbaiano.edu.br\/unidades\/lapa\/wp-json\/wp\/v2\/posts\/9037"}],"collection":[{"href":"https:\/\/www.ifbaiano.edu.br\/unidades\/lapa\/wp-json\/wp\/v2\/posts"}],"about":[{"href":"https:\/\/www.ifbaiano.edu.br\/unidades\/lapa\/wp-json\/wp\/v2\/types\/post"}],"author":[{"embeddable":true,"href":"https:\/\/www.ifbaiano.edu.br\/unidades\/lapa\/wp-json\/wp\/v2\/users\/84"}],"replies":[{"embeddable":true,"href":"https:\/\/www.ifbaiano.edu.br\/unidades\/lapa\/wp-json\/wp\/v2\/comments?post=9037"}],"version-history":[{"count":7,"href":"https:\/\/www.ifbaiano.edu.br\/unidades\/lapa\/wp-json\/wp\/v2\/posts\/9037\/revisions"}],"predecessor-version":[{"id":9047,"href":"https:\/\/www.ifbaiano.edu.br\/unidades\/lapa\/wp-json\/wp\/v2\/posts\/9037\/revisions\/9047"}],"wp:attachment":[{"href":"https:\/\/www.ifbaiano.edu.br\/unidades\/lapa\/wp-json\/wp\/v2\/media?parent=9037"}],"wp:term":[{"taxonomy":"category","embeddable":true,"href":"https:\/\/www.ifbaiano.edu.br\/unidades\/lapa\/wp-json\/wp\/v2\/categories?post=9037"},{"taxonomy":"post_tag","embeddable":true,"href":"https:\/\/www.ifbaiano.edu.br\/unidades\/lapa\/wp-json\/wp\/v2\/tags?post=9037"}],"curies":[{"name":"wp","href":"https:\/\/api.w.org\/{rel}","templated":true}]}}