{"id":9140,"date":"2017-10-13T14:48:55","date_gmt":"2017-10-13T17:48:55","guid":{"rendered":"http:\/\/www.ifbaiano.edu.br\/unidades\/lapa\/?p=9140"},"modified":"2017-10-13T14:59:11","modified_gmt":"2017-10-13T17:59:11","slug":"campus-bom-jesus-da-lapa-realizara-iii-semana-de-ciencia-e-tecnologia-e-v-seminario-de-ensino-pesquisa-e-extensao","status":"publish","type":"post","link":"https:\/\/www.ifbaiano.edu.br\/unidades\/lapa\/2017\/10\/13\/campus-bom-jesus-da-lapa-realizara-iii-semana-de-ciencia-e-tecnologia-e-v-seminario-de-ensino-pesquisa-e-extensao\/","title":{"rendered":"Campus Bom Jesus da Lapa realizar\u00e1 III Semana de Ci\u00eancia e Tecnologia e V Semin\u00e1rio de Ensino, Pesquisa e Extens\u00e3o"},"content":{"rendered":"<div style=\"text-align: justify\">\n<p>O Campus Bom Jesus da Lapa realizar\u00e1, no per\u00edodo de 31 de outubro de 2017 a 01 de novembro, \u00a0a\u00a0III Semana de Ci\u00eancia e Tecnologia e V Semin\u00e1rio de Ensino, Pesquisa e Extens\u00e3o.\u00a0A Semana Nacional de Ci\u00eancia e Tecnologia &#8211; SNCT &#8211; foi estabelecida pelo Decreto de 9 de Junho de 2004.\u00a0Em linhas gerais, a Semana de Ci\u00eancia e Tecnologia tem o objetivo de aproximar a Ci\u00eancia e Tecnologia da popula\u00e7\u00e3o, promovendo eventos que congregam centenas de institui\u00e7\u00f5es a fim de realizarem atividades de divulga\u00e7\u00e3o cient\u00edfica em todo o Pa\u00eds. A ideia \u00e9 criar uma linguagem acess\u00edvel aos segmentos sociais, por meios inovadores que estimulem a curiosidade e motivem a popula\u00e7\u00e3o a discutir as implica\u00e7\u00f5es sociais da Ci\u00eancia, al\u00e9m de aprofundarem seus conhecimentos sobre o tema.\u00a0O per\u00edodo oficial da 14\u00aa SNCT vai de 23 a 29 de outubro de 2017, entretanto, no \u00e2mbito do Campus Bom jesus da Lapa, as atividades ser\u00e3o realizadas nos dias 31 de outubro e 01 de novembro de 2017. Para al\u00e9m do debate acerca da tem\u00e1tica central do evento\u00a0<b>\u201cA matem\u00e1tica est\u00e1 em tudo<\/b>\u201d, ser\u00e3o socializados resultados dos projetos de pesquisa e extens\u00e3o atualmente desenvolvidos no\u00a0Campus,\u00a0bem como experi\u00eancias de inser\u00e7\u00e3o socioprofissional, participa\u00e7\u00e3o em atividades de monitoria de ensino, est\u00e1gio e atividades afins.<\/p>\n<p>Al\u00e9m das mesas de di\u00e1logo, o evento contar\u00e1 com a ministra\u00e7\u00e3o de oficinas, mincursos e apresenta\u00e7\u00e3o de trabalhos, nas modalidades comunica\u00e7\u00e3o oral e mesas relato de experi\u00eancias.\u00a0Poder\u00e3o submeter trabalhos servidores e estudantes do pr\u00f3prio campus, seguindo as orienta\u00e7\u00f5es abaixo:<\/p>\n<p><strong>COMUNICA\u00c7\u00c3O ORAL<\/strong>\u00a0&#8211;\u00a0As comunica\u00e7\u00f5es orais ser\u00e3o realizadas em sess\u00f5es espec\u00edficas, por eixo, definidos pela Comiss\u00e3o Organizadora, a partir das tem\u00e1ticas tratadas.\u00a0O resumo deve conter no m\u00ednimo 250 palavras e no m\u00e1ximo 500 palavras, conforme o modelo disponibilizado, no qual constam as demais orienta\u00e7\u00f5es.\u00a0.\u00a0Depois de prontos, os resumos dever\u00e3o ser encaminhados para o e-mail:\u00a0<span id=\"OBJ_PREFIX_DWT20_com_zimbra_email\" class=\"Object\"><span id=\"OBJ_PREFIX_DWT989_com_zimbra_email\" class=\"Object\"><span id=\"OBJ_PREFIX_DWT992_com_zimbra_email\" class=\"Object\"><a href=\"mailto:eventos@lapa.ifbaiano.edu.br,\" target=\"_blank\">eventos@lapa.ifbaiano.edu.br,<\/a><\/span><\/span><\/span>\u00a0em formato edit\u00e1vel. N\u00e3o ser\u00e3o aceitos resumos encaminhados em formato diverso do apresentado.\u00a0<a href=\"http:\/\/www.ifbaiano.edu.br\/unidades\/lapa\/files\/2017\/10\/Modelo_de_resumo_Semana_de_Ciencia_e_Tecnologia_-_Campus_Bom_Jesus_da_Lapa.zip\"><strong>ACESSEM AQUI O MODELO DO RESUMO<\/strong><\/a>.<\/p>\n<p><strong>RELATOS DE EXPERI\u00caNCIA<\/strong>\u00a0&#8211;\u00a0Os relatos ser\u00e3o apresentados sob a forma de mesas espec\u00edficas, conforme defini\u00e7\u00e3o da Comiss\u00e3o Organizadora, devendo possuir os itens constantes do modelo apresentado em anexo, n\u00e3o ultrapassando uma p\u00e1gina. Depois de prontos, os relatos dever\u00e3o ser encaminhados para o e-mail:\u00a0<span id=\"OBJ_PREFIX_DWT20_com_zimbra_email\" class=\"Object\"><span id=\"OBJ_PREFIX_DWT990_com_zimbra_email\" class=\"Object\"><span id=\"OBJ_PREFIX_DWT993_com_zimbra_email\" class=\"Object\"><a href=\"mailto:eventos@lapa.ifbaiano.edu.br,\" target=\"_blank\">eventos@lapa.ifbaiano.edu.br,<\/a><\/span><\/span><\/span>\u00a0em formato edit\u00e1vel. N\u00e3o ser\u00e3o aceitos relatos encaminhados em formato diverso do apresentado.\u00a0Atividades que poder\u00e3o ser apresentadas:\u00a0Projetos de extens\u00e3o desenvolvidos e em desenvolvimento;\u00a0Relatos de atividades de Monitoria de Ensino;\u00a0Est\u00e1gios;\u00a0Projetos Integradores;\u00a0Atividades relacionadas.\u00a0<a href=\"http:\/\/www.ifbaiano.edu.br\/unidades\/lapa\/files\/2017\/10\/Modelo_do_relato_de_experiencia.zip\"><strong>ACESSEM AQUI O MODELO DO RELATO<\/strong><\/a>.<\/p>\n<p><strong>PROPOSTA DE OFICINA OU MINICURSO<\/strong>\u00a0&#8211; As propostas de oficinas e minicursos ser\u00e3o desenvolvidas a partir de eixos previamente definidos, considerando as \u00e1reas de atua\u00e7\u00e3o do Campus e \u00e1reas de interesses da comunidade acad\u00eamica. As propostas de oficina dever\u00e3o ser submetidas por servidores ou por estudantes, desde que devidamente orientados por servidores. Depois de elaboradas, as propostas dever\u00e3o ser encaminhadas para o e-mail:\u00a0<span id=\"OBJ_PREFIX_DWT991_com_zimbra_email\" class=\"Object\"><span id=\"OBJ_PREFIX_DWT994_com_zimbra_email\" class=\"Object\"><a href=\"mailto:eventos@lapa.ifbaiano.edu.br,\" target=\"_blank\">eventos@lapa.ifbaiano.edu.br,<\/a><\/span><\/span>\u00a0em arquivo doc. ou pdf.\u00a0<a href=\"http:\/\/www.ifbaiano.edu.br\/unidades\/lapa\/files\/2017\/10\/Ficha_de_inscricao_-_Oficinas_e_minicursos.zip\"><strong>ACESSEM AQUI O MODELO DA PROPOSTA<\/strong><\/a>.<\/p>\n<p><strong>Prazos para submiss\u00e3o de :<\/strong>\u00a013\/10\/2017 a 20\/10\/2017.<\/p>\n<p>Anexos:<\/p>\n<ul>\n<li><a href=\"http:\/\/www.ifbaiano.edu.br\/unidades\/lapa\/files\/2017\/10\/Modelo_de_resumo_Semana_de_Ciencia_e_Tecnologia_-_Campus_Bom_Jesus_da_Lapa.zip\">Modelo de resumo Semana de Ci\u00eancia e Tecnologia &#8211; Campus Bom Jesus da Lapa<\/a><\/li>\n<li><a href=\"http:\/\/www.ifbaiano.edu.br\/unidades\/lapa\/files\/2017\/10\/Modelo_do_relato_de_experiencia.zip\">Modelo do relato de experi\u00eancia<\/a><\/li>\n<li><a href=\"http:\/\/www.ifbaiano.edu.br\/unidades\/lapa\/files\/2017\/10\/Ficha_de_inscricao_-_Oficinas_e_minicursos.zip\">Ficha de inscri\u00e7\u00e3o &#8211; Oficinas e minicursos<\/a><\/li>\n<\/ul>\n<p>&nbsp;<\/p>\n<div class=\"pf-content\"><\/div>\n<\/div>\n","protected":false},"excerpt":{"rendered":"<p>O Campus Bom Jesus da Lapa realizar\u00e1, no per\u00edodo de 31 de outubro de 2017 a 01 de novembro, \u00a0a\u00a0III Semana de Ci\u00eancia e Tecnologia e V Semin\u00e1rio de Ensino, Pesquisa e Extens\u00e3o.\u00a0A Semana Nacional de Ci\u00eancia e Tecnologia &#8211; SNCT &#8211; foi estabelecida pelo Decreto de 9 de Junho de 2004.\u00a0Em linhas gerais, a [&hellip;]<\/p>\n","protected":false},"author":95,"featured_media":0,"comment_status":"open","ping_status":"open","sticky":false,"template":"","format":"standard","meta":[],"categories":[64,24,65],"tags":[],"_links":{"self":[{"href":"https:\/\/www.ifbaiano.edu.br\/unidades\/lapa\/wp-json\/wp\/v2\/posts\/9140"}],"collection":[{"href":"https:\/\/www.ifbaiano.edu.br\/unidades\/lapa\/wp-json\/wp\/v2\/posts"}],"about":[{"href":"https:\/\/www.ifbaiano.edu.br\/unidades\/lapa\/wp-json\/wp\/v2\/types\/post"}],"author":[{"embeddable":true,"href":"https:\/\/www.ifbaiano.edu.br\/unidades\/lapa\/wp-json\/wp\/v2\/users\/95"}],"replies":[{"embeddable":true,"href":"https:\/\/www.ifbaiano.edu.br\/unidades\/lapa\/wp-json\/wp\/v2\/comments?post=9140"}],"version-history":[{"count":6,"href":"https:\/\/www.ifbaiano.edu.br\/unidades\/lapa\/wp-json\/wp\/v2\/posts\/9140\/revisions"}],"predecessor-version":[{"id":9149,"href":"https:\/\/www.ifbaiano.edu.br\/unidades\/lapa\/wp-json\/wp\/v2\/posts\/9140\/revisions\/9149"}],"wp:attachment":[{"href":"https:\/\/www.ifbaiano.edu.br\/unidades\/lapa\/wp-json\/wp\/v2\/media?parent=9140"}],"wp:term":[{"taxonomy":"category","embeddable":true,"href":"https:\/\/www.ifbaiano.edu.br\/unidades\/lapa\/wp-json\/wp\/v2\/categories?post=9140"},{"taxonomy":"post_tag","embeddable":true,"href":"https:\/\/www.ifbaiano.edu.br\/unidades\/lapa\/wp-json\/wp\/v2\/tags?post=9140"}],"curies":[{"name":"wp","href":"https:\/\/api.w.org\/{rel}","templated":true}]}}