{"id":9281,"date":"2017-10-31T14:28:01","date_gmt":"2017-10-31T17:28:01","guid":{"rendered":"http:\/\/www.ifbaiano.edu.br\/unidades\/lapa\/?p=9281"},"modified":"2017-10-31T14:37:41","modified_gmt":"2017-10-31T17:37:41","slug":"iii-semana-de-ciencia-e-tecnologia-e-v-seminario-de-ensino-pesquisa-e-extensao","status":"publish","type":"post","link":"https:\/\/www.ifbaiano.edu.br\/unidades\/lapa\/2017\/10\/31\/iii-semana-de-ciencia-e-tecnologia-e-v-seminario-de-ensino-pesquisa-e-extensao\/","title":{"rendered":"Abertas as inscri\u00e7\u00f5es para participa\u00e7\u00e3o como ouvintes na III Semana de Ci\u00eancia e Tecnologia do IF Baiano &#8211; Campus Bom Jesus da Lapa"},"content":{"rendered":"<p style=\"text-align: justify\">A Comiss\u00e3o Organizadora da III Semana de Ci\u00eancia e Tecnologia e V Semin\u00e1rio de Ensino, Pesquisa e Extens\u00e3o comunica que est\u00e3o abertas, no per\u00edodo de 31\/10 a 04\/11, as inscri\u00e7\u00f5es para participa\u00e7\u00e3o como ouvintes no evento. Com o tema A MATEM\u00c1TICA EST\u00c1 EM TUDO, o evento visa contribuir para a populariza\u00e7\u00e3o dos conhecimentos e da produ\u00e7\u00e3o cient\u00edfica, tecnol\u00f3gica, art\u00edstica e cultural do Campus, utilizando-se de linguagens que privilegiem a intera\u00e7\u00e3o dial\u00f3gica e a participa\u00e7\u00e3o dos estudantes como mediadores deste processo. A programa\u00e7\u00e3o do evento, que pode ser acessada <strong><a href=\"http:\/\/evento.lapa.ifbaiano.edu.br\/\" target=\"_blank\">AQUI<\/a><\/strong>, dispor\u00e1 de mesas de debate, oficinas, minicursos, apresenta\u00e7\u00f5es orais de relatos de experi\u00eancia e resumos de projetos de pesquisa em desenvolvimento ou conclu\u00eddos, bem como atividades culturais.<\/p>\n<h2 style=\"text-align: center\"><span style=\"color: #0000ff\"><a style=\"color: #0000ff\" href=\"http:\/\/evento.lapa.ifbaiano.edu.br\/\" target=\"_blank\">CLIQUE AQUI E\u00a0FA\u00c7A SUA INSCRI\u00c7\u00c3O NO EVENTO<\/a><\/span><\/h2>\n<p><a href=\"http:\/\/evento.lapa.ifbaiano.edu.br\/\"><img decoding=\"async\" loading=\"lazy\" class=\"aligncenter size-full wp-image-9282\" src=\"http:\/\/www.ifbaiano.edu.br\/unidades\/lapa\/files\/2017\/10\/Evento.png\" alt=\"Evento\" width=\"1137\" height=\"863\" \/><\/a><\/p>\n","protected":false},"excerpt":{"rendered":"<p>A Comiss\u00e3o Organizadora da III Semana de Ci\u00eancia e Tecnologia e V Semin\u00e1rio de Ensino, Pesquisa e Extens\u00e3o comunica que est\u00e3o abertas, no per\u00edodo de 31\/10 a 04\/11, as inscri\u00e7\u00f5es para participa\u00e7\u00e3o como ouvintes no evento. Com o tema A MATEM\u00c1TICA EST\u00c1 EM TUDO, o evento visa contribuir para a populariza\u00e7\u00e3o dos conhecimentos e da [&hellip;]<\/p>\n","protected":false},"author":84,"featured_media":0,"comment_status":"open","ping_status":"open","sticky":false,"template":"","format":"standard","meta":[],"categories":[64,24,1,65],"tags":[],"_links":{"self":[{"href":"https:\/\/www.ifbaiano.edu.br\/unidades\/lapa\/wp-json\/wp\/v2\/posts\/9281"}],"collection":[{"href":"https:\/\/www.ifbaiano.edu.br\/unidades\/lapa\/wp-json\/wp\/v2\/posts"}],"about":[{"href":"https:\/\/www.ifbaiano.edu.br\/unidades\/lapa\/wp-json\/wp\/v2\/types\/post"}],"author":[{"embeddable":true,"href":"https:\/\/www.ifbaiano.edu.br\/unidades\/lapa\/wp-json\/wp\/v2\/users\/84"}],"replies":[{"embeddable":true,"href":"https:\/\/www.ifbaiano.edu.br\/unidades\/lapa\/wp-json\/wp\/v2\/comments?post=9281"}],"version-history":[{"count":8,"href":"https:\/\/www.ifbaiano.edu.br\/unidades\/lapa\/wp-json\/wp\/v2\/posts\/9281\/revisions"}],"predecessor-version":[{"id":9290,"href":"https:\/\/www.ifbaiano.edu.br\/unidades\/lapa\/wp-json\/wp\/v2\/posts\/9281\/revisions\/9290"}],"wp:attachment":[{"href":"https:\/\/www.ifbaiano.edu.br\/unidades\/lapa\/wp-json\/wp\/v2\/media?parent=9281"}],"wp:term":[{"taxonomy":"category","embeddable":true,"href":"https:\/\/www.ifbaiano.edu.br\/unidades\/lapa\/wp-json\/wp\/v2\/categories?post=9281"},{"taxonomy":"post_tag","embeddable":true,"href":"https:\/\/www.ifbaiano.edu.br\/unidades\/lapa\/wp-json\/wp\/v2\/tags?post=9281"}],"curies":[{"name":"wp","href":"https:\/\/api.w.org\/{rel}","templated":true}]}}