{"id":9292,"date":"2017-11-06T09:15:48","date_gmt":"2017-11-06T12:15:48","guid":{"rendered":"http:\/\/www.ifbaiano.edu.br\/unidades\/lapa\/?p=9292"},"modified":"2017-11-06T09:15:48","modified_gmt":"2017-11-06T12:15:48","slug":"aberta-selecao-de-monitoria-de-ensino-voluntaria-para-o-curso-de-engenharia-agronomica-2017-2","status":"publish","type":"post","link":"https:\/\/www.ifbaiano.edu.br\/unidades\/lapa\/2017\/11\/06\/aberta-selecao-de-monitoria-de-ensino-voluntaria-para-o-curso-de-engenharia-agronomica-2017-2\/","title":{"rendered":"Aberta Sele\u00e7\u00e3o de Monitoria de Ensino Volunt\u00e1ria para o Curso de Engenharia Agron\u00f4mica 2017.2"},"content":{"rendered":"<p><a href=\"http:\/\/www.ifbaiano.edu.br\/unidades\/lapa\/files\/2017\/08\/banner-campus-bom-jesus-da-lapa-informa-1.jpg\"><img decoding=\"async\" loading=\"lazy\" class=\"aligncenter size-full wp-image-7972\" src=\"http:\/\/www.ifbaiano.edu.br\/unidades\/lapa\/files\/2017\/08\/banner-campus-bom-jesus-da-lapa-informa-1.jpg\" alt=\"banner-campus-bom-jesus-da-lapa-informa\" width=\"787\" height=\"107\" \/><\/a><\/p>\n<p style=\"text-align: justify\">O INSTITUTO FEDERAL DE EDUCA\u00c7\u00c3O, CI\u00caNCIA E TECNOLOGIA BAIANO, CAMPUS BOM JESUS DA LAPA, por interm\u00e9dio do seu Diretor Geral, nomeado no D.O.U. de 19 de mar\u00e7o de 2014, sob Portaria N\u00ba 333, de acordo com as disposi\u00e7\u00f5es legais em vigor, torna p\u00fablico o presente Edital que estabelece as normas para sele\u00e7\u00e3o de monitores de ensino volunt\u00e1rios para o curso de Engenharia Agron\u00f4mica, semestre letivo de 2017.2, em conformidade com a RESOLU\u00c7\u00c3O N.\u00ba 08, DE 30 DE MAR\u00c7O 2016\/CONSUP\/IF Baiano.<\/p>\n<p style=\"text-align: justify\">\n<p>Leia aqui o\u00a0<strong><span style=\"color: #0000ff\"><a style=\"color: #0000ff\" href=\"http:\/\/www.ifbaiano.edu.br\/unidades\/lapa\/files\/2017\/11\/Edital-de-Monitoria-2017.2-VOLUNT\u00c1RIA.pdf\" target=\"_blank\">EDITAL<\/a><\/span><\/strong><\/p>\n<hr \/>\n<p>&nbsp;<\/p>\n","protected":false},"excerpt":{"rendered":"<p>O INSTITUTO FEDERAL DE EDUCA\u00c7\u00c3O, CI\u00caNCIA E TECNOLOGIA BAIANO, CAMPUS BOM JESUS DA LAPA, por interm\u00e9dio do seu Diretor Geral, nomeado no D.O.U. de 19 de mar\u00e7o de 2014, sob Portaria N\u00ba 333, de acordo com as disposi\u00e7\u00f5es legais em vigor, torna p\u00fablico o presente Edital que estabelece as normas para sele\u00e7\u00e3o de monitores de [&hellip;]<\/p>\n","protected":false},"author":84,"featured_media":0,"comment_status":"open","ping_status":"open","sticky":false,"template":"","format":"standard","meta":[],"categories":[64,24,65],"tags":[],"_links":{"self":[{"href":"https:\/\/www.ifbaiano.edu.br\/unidades\/lapa\/wp-json\/wp\/v2\/posts\/9292"}],"collection":[{"href":"https:\/\/www.ifbaiano.edu.br\/unidades\/lapa\/wp-json\/wp\/v2\/posts"}],"about":[{"href":"https:\/\/www.ifbaiano.edu.br\/unidades\/lapa\/wp-json\/wp\/v2\/types\/post"}],"author":[{"embeddable":true,"href":"https:\/\/www.ifbaiano.edu.br\/unidades\/lapa\/wp-json\/wp\/v2\/users\/84"}],"replies":[{"embeddable":true,"href":"https:\/\/www.ifbaiano.edu.br\/unidades\/lapa\/wp-json\/wp\/v2\/comments?post=9292"}],"version-history":[{"count":1,"href":"https:\/\/www.ifbaiano.edu.br\/unidades\/lapa\/wp-json\/wp\/v2\/posts\/9292\/revisions"}],"predecessor-version":[{"id":9294,"href":"https:\/\/www.ifbaiano.edu.br\/unidades\/lapa\/wp-json\/wp\/v2\/posts\/9292\/revisions\/9294"}],"wp:attachment":[{"href":"https:\/\/www.ifbaiano.edu.br\/unidades\/lapa\/wp-json\/wp\/v2\/media?parent=9292"}],"wp:term":[{"taxonomy":"category","embeddable":true,"href":"https:\/\/www.ifbaiano.edu.br\/unidades\/lapa\/wp-json\/wp\/v2\/categories?post=9292"},{"taxonomy":"post_tag","embeddable":true,"href":"https:\/\/www.ifbaiano.edu.br\/unidades\/lapa\/wp-json\/wp\/v2\/tags?post=9292"}],"curies":[{"name":"wp","href":"https:\/\/api.w.org\/{rel}","templated":true}]}}