{"id":940,"date":"2013-03-25T11:39:06","date_gmt":"2013-03-25T13:39:06","guid":{"rendered":"http:\/\/www.ifbaiano.edu.br\/unidades\/lapa\/?p=940"},"modified":"2013-03-25T11:53:30","modified_gmt":"2013-03-25T13:53:30","slug":"projeto-biblioteca-viva","status":"publish","type":"post","link":"https:\/\/www.ifbaiano.edu.br\/unidades\/lapa\/2013\/03\/25\/projeto-biblioteca-viva\/","title":{"rendered":"Projeto Biblioteca Viva: Chega ao fim 1\u00aa etapa da exposi\u00e7\u00e3o"},"content":{"rendered":"<p>Projeto aconteceu entre os dias 18\/02 a 04\/03.<!--more--><\/p>\n<p>Entre os dias dezoito de fevereiro e quatro de mar\u00e7o foi realizada, na Biblioteca do <em>campus <\/em>Lapa, uma exposi\u00e7\u00e3o sobre a trajet\u00f3ria de Bill Gates, uma das grandes personalidades da inform\u00e1tica. Essa exposi\u00e7\u00e3o faz parte do Projeto Biblioteca Viva, que tem como objetivo estimular os alunos do Curso de Inform\u00e1tica.<\/p>\n<p>A exposi\u00e7\u00e3o contou com a presen\u00e7a de servidores t\u00e9cnicos, professores e estudantes do <em>campus.<\/em> Durante esse per\u00edodo, foi exibido o filme \u201cPiratas do Vale do Sil\u00edcio\u201d, que mostra como Bill Gates e Steve Jobs fundaram a Microsoft e a Apple.<\/p>\n<p>Ap\u00f3s a aprecia\u00e7\u00e3o, os visitantes deram sugest\u00f5es sobre o tema das pr\u00f3ximas exposi\u00e7\u00f5es. A comiss\u00e3o organizadora agradece a todos que contribuiram para realiza\u00e7\u00e3o desse projeto, bem como a participa\u00e7\u00e3o de todos aqueles que visitaram e deram sugest\u00f5es para a melhoria do mesmo.<\/p>\n","protected":false},"excerpt":{"rendered":"<p>Projeto aconteceu entre os dias 18\/02 a 04\/03.<\/p>\n","protected":false},"author":23,"featured_media":0,"comment_status":"open","ping_status":"open","sticky":false,"template":"","format":"standard","meta":[],"categories":[1],"tags":[],"_links":{"self":[{"href":"https:\/\/www.ifbaiano.edu.br\/unidades\/lapa\/wp-json\/wp\/v2\/posts\/940"}],"collection":[{"href":"https:\/\/www.ifbaiano.edu.br\/unidades\/lapa\/wp-json\/wp\/v2\/posts"}],"about":[{"href":"https:\/\/www.ifbaiano.edu.br\/unidades\/lapa\/wp-json\/wp\/v2\/types\/post"}],"author":[{"embeddable":true,"href":"https:\/\/www.ifbaiano.edu.br\/unidades\/lapa\/wp-json\/wp\/v2\/users\/23"}],"replies":[{"embeddable":true,"href":"https:\/\/www.ifbaiano.edu.br\/unidades\/lapa\/wp-json\/wp\/v2\/comments?post=940"}],"version-history":[{"count":7,"href":"https:\/\/www.ifbaiano.edu.br\/unidades\/lapa\/wp-json\/wp\/v2\/posts\/940\/revisions"}],"predecessor-version":[{"id":945,"href":"https:\/\/www.ifbaiano.edu.br\/unidades\/lapa\/wp-json\/wp\/v2\/posts\/940\/revisions\/945"}],"wp:attachment":[{"href":"https:\/\/www.ifbaiano.edu.br\/unidades\/lapa\/wp-json\/wp\/v2\/media?parent=940"}],"wp:term":[{"taxonomy":"category","embeddable":true,"href":"https:\/\/www.ifbaiano.edu.br\/unidades\/lapa\/wp-json\/wp\/v2\/categories?post=940"},{"taxonomy":"post_tag","embeddable":true,"href":"https:\/\/www.ifbaiano.edu.br\/unidades\/lapa\/wp-json\/wp\/v2\/tags?post=940"}],"curies":[{"name":"wp","href":"https:\/\/api.w.org\/{rel}","templated":true}]}}