{"id":9439,"date":"2017-11-13T15:54:19","date_gmt":"2017-11-13T18:54:19","guid":{"rendered":"http:\/\/www.ifbaiano.edu.br\/unidades\/lapa\/?p=9439"},"modified":"2017-11-22T15:34:39","modified_gmt":"2017-11-22T18:34:39","slug":"cafe-cientifico-pao-caseiro-sobre-a-construcao-de-pesquisas-qualitativas-em-educacao-matematica","status":"publish","type":"post","link":"https:\/\/www.ifbaiano.edu.br\/unidades\/lapa\/2017\/11\/13\/cafe-cientifico-pao-caseiro-sobre-a-construcao-de-pesquisas-qualitativas-em-educacao-matematica\/","title":{"rendered":"Caf\u00e9 Cient\u00edfico + P\u00e3o Caseiro sobre \u201cA constru\u00e7\u00e3o de pesquisas qualitativas em Educa\u00e7\u00e3o Matem\u00e1tica\u201d"},"content":{"rendered":"<p class=\"LO-Normal\" style=\"text-align: justify\">O IF Baiano <em>Campus<\/em> Bom Jesus da Lapa promove\u00a0<strong>Caf\u00e9 Cient\u00edfico + P\u00e3o Caseiro<\/strong>\u00a0sobre\u00a0<b>\u201cA constru\u00e7\u00e3o de pesquisas qualitativas em Educa\u00e7\u00e3o Matem\u00e1tica\u201d<\/b>, a ser promovido pela Especializa\u00e7\u00e3o em Educa\u00e7\u00e3o Matem\u00e1tica &#8211; IF Baiano\/Campus Bom Jesus da Lapa, representa uma importante estrat\u00e9gia para compreender as caracter\u00edsticas b\u00e1sicas dos m\u00e9todos qualitativos em educa\u00e7\u00e3o. Realiz\u00e1-lo, concretiza o anseio do curso, a fim de que sejam fomentadas importantes discuss\u00f5es acerca de tem\u00e1ticas relacionadas \u00e0s estrat\u00e9gias, t\u00e9cnicas de coleta e an\u00e1lise de informa\u00e7\u00f5es\/evid\u00eancias em torno de problemas de pesquisa referentes \u00e0 Educa\u00e7\u00e3o Matem\u00e1tica.<b><\/b><\/p>\n<p class=\"LO-Normal\" style=\"text-align: justify\">Por tratar-se do primeiro<strong>\u00a0Caf\u00e9 Cient\u00edfico,<\/strong>\u00a0no \u00e2mbito do curso de p\u00f3s-gradua\u00e7\u00e3o, o ponto central deste esfor\u00e7o se constitui na perspectiva de evidenciar a discuss\u00e3o \u00e9tica e acad\u00eamica-cient\u00edfica nas diferentes dimens\u00f5es das pesquisas qualitativas em educa\u00e7\u00e3o. Isso significa fortalecer princ\u00edpios assumidos pelo\u00a0<i>Campus<\/i>\u00a0Bom Jesus da Lapa, no sentido de propiciar uma forma\u00e7\u00e3o acad\u00eamica pautada na concep\u00e7\u00e3o de professor-pesquisador.<\/p>\n<p class=\"LO-Normal\" style=\"text-align: justify\">A concep\u00e7\u00e3o ora mencionada pressup\u00f5e sujeitos-pesquisadores comprometidos com as investiga\u00e7\u00f5es e problemas de pesquisa que permeiam a compreens\u00e3o do diagn\u00f3stico educacional e social do Territ\u00f3rio de Identidade Velho Chico e a difus\u00e3o do conhecimento matem\u00e1tico produzido no \u00e2mbito da pr\u00e1tica profissional e da pr\u00f3pria forma\u00e7\u00e3o.<\/p>\n<p class=\"LO-Normal\" style=\"text-align: justify\">Desta forma, a realiza\u00e7\u00e3o deste evento,\u00a0<strong>a ocorrer nos dias 24 e 25 de novembro,<\/strong>\u00a0\u00e9 um espa\u00e7o para divulgar, refletir e discutir a pesquisa em Educa\u00e7\u00e3o Matem\u00e1tica, de modo a propiciar o debate de temas relevantes, integrar os diversos atores (docentes, discentes, pesquisadores e comunidade em geral) pertencentes \u00e0s institui\u00e7\u00f5es de educa\u00e7\u00e3o da regi\u00e3o, tais como escolas, universidades, dentre outras.<\/p>\n<p class=\"LO-Normal\">FA\u00c7A SUA INSCRI\u00c7\u00c3O AQUI:\u00a0<strong><span id=\"OBJ_PREFIX_DWT950_com_zimbra_url\" class=\"Object\"><span id=\"OBJ_PREFIX_DWT952_com_zimbra_url\" class=\"Object\"><a href=\"https:\/\/docs.google.com\/forms\/d\/e\/1FAIpQLSfef1-6_1EoIlJMSzFGu4boSZSNhf1wnkSvz4FFWu9x5a0EcQ\/viewform\" target=\"_blank\">https:\/\/docs.google.com\/forms\/d\/e\/1FAIpQLSfef1-6_1EoIlJMSzFGu4boSZSNhf1wnkSvz4FFWu9x5a0EcQ\/viewform<\/a><\/span><\/span>\u00a0<\/strong><\/p>\n<p class=\"LO-Normal\">ACESSE A PROGRAMA\u00c7\u00c3O AQUI:\u00a0<a href=\"http:\/\/www.ifbaiano.edu.br\/unidades\/lapa\/files\/2017\/11\/Cartaz-do-Caf\u00e9-Cient\u00edfico.pdf\" target=\"_blank\"><strong>PROGRAMA\u00c7\u00c3O<\/strong><\/a><\/p>\n<p class=\"LO-Normal\">CONHE\u00c7A NOSSO CURSO:\u00a0<strong><span id=\"OBJ_PREFIX_DWT951_com_zimbra_url\" class=\"Object\"><span id=\"OBJ_PREFIX_DWT953_com_zimbra_url\" class=\"Object-hover\"><a href=\"http:\/\/www.ifbaiano.edu.br\/unidades\/lapa\/especializacao-em-educacao-matematica\/\" target=\"_blank\">http:\/\/www.ifbaiano.edu.br\/unidades\/lapa\/especializacao-em-educacao-matematica\/<\/a><\/span><\/span>\u00a0\u00a0\u00a0<\/strong><\/p>\n<p class=\"LO-Normal\"><a href=\"http:\/\/www.ifbaiano.edu.br\/unidades\/lapa\/files\/2017\/11\/Cartaz-do-caf\u00e9.png\"><img decoding=\"async\" loading=\"lazy\" class=\"aligncenter size-full wp-image-9438\" src=\"http:\/\/www.ifbaiano.edu.br\/unidades\/lapa\/files\/2017\/11\/Cartaz-do-caf\u00e9.png\" alt=\"\" width=\"763\" height=\"579\" \/><\/a><\/p>\n","protected":false},"excerpt":{"rendered":"<p>O IF Baiano Campus Bom Jesus da Lapa promove\u00a0Caf\u00e9 Cient\u00edfico + P\u00e3o Caseiro\u00a0sobre\u00a0\u201cA constru\u00e7\u00e3o de pesquisas qualitativas em Educa\u00e7\u00e3o Matem\u00e1tica\u201d, a ser promovido pela Especializa\u00e7\u00e3o em Educa\u00e7\u00e3o Matem\u00e1tica &#8211; IF Baiano\/Campus Bom Jesus da Lapa, representa uma importante estrat\u00e9gia para compreender as caracter\u00edsticas b\u00e1sicas dos m\u00e9todos qualitativos em educa\u00e7\u00e3o. Realiz\u00e1-lo, concretiza o anseio do curso, [&hellip;]<\/p>\n","protected":false},"author":84,"featured_media":0,"comment_status":"open","ping_status":"open","sticky":false,"template":"","format":"standard","meta":[],"categories":[64,24,65],"tags":[],"_links":{"self":[{"href":"https:\/\/www.ifbaiano.edu.br\/unidades\/lapa\/wp-json\/wp\/v2\/posts\/9439"}],"collection":[{"href":"https:\/\/www.ifbaiano.edu.br\/unidades\/lapa\/wp-json\/wp\/v2\/posts"}],"about":[{"href":"https:\/\/www.ifbaiano.edu.br\/unidades\/lapa\/wp-json\/wp\/v2\/types\/post"}],"author":[{"embeddable":true,"href":"https:\/\/www.ifbaiano.edu.br\/unidades\/lapa\/wp-json\/wp\/v2\/users\/84"}],"replies":[{"embeddable":true,"href":"https:\/\/www.ifbaiano.edu.br\/unidades\/lapa\/wp-json\/wp\/v2\/comments?post=9439"}],"version-history":[{"count":8,"href":"https:\/\/www.ifbaiano.edu.br\/unidades\/lapa\/wp-json\/wp\/v2\/posts\/9439\/revisions"}],"predecessor-version":[{"id":9507,"href":"https:\/\/www.ifbaiano.edu.br\/unidades\/lapa\/wp-json\/wp\/v2\/posts\/9439\/revisions\/9507"}],"wp:attachment":[{"href":"https:\/\/www.ifbaiano.edu.br\/unidades\/lapa\/wp-json\/wp\/v2\/media?parent=9439"}],"wp:term":[{"taxonomy":"category","embeddable":true,"href":"https:\/\/www.ifbaiano.edu.br\/unidades\/lapa\/wp-json\/wp\/v2\/categories?post=9439"},{"taxonomy":"post_tag","embeddable":true,"href":"https:\/\/www.ifbaiano.edu.br\/unidades\/lapa\/wp-json\/wp\/v2\/tags?post=9439"}],"curies":[{"name":"wp","href":"https:\/\/api.w.org\/{rel}","templated":true}]}}