{"id":949,"date":"2013-04-01T17:48:22","date_gmt":"2013-04-01T19:48:22","guid":{"rendered":"http:\/\/www.ifbaiano.edu.br\/unidades\/lapa\/?p=949"},"modified":"2013-04-01T18:06:37","modified_gmt":"2013-04-01T20:06:37","slug":"campus-recebera-visita-da-comissao-de-etica-do-if-baiano","status":"publish","type":"post","link":"https:\/\/www.ifbaiano.edu.br\/unidades\/lapa\/2013\/04\/01\/campus-recebera-visita-da-comissao-de-etica-do-if-baiano\/","title":{"rendered":"Campus receber\u00e1 visita da comiss\u00e3o de \u00e9tica do IF Baiano."},"content":{"rendered":"<p align=\"JUSTIFY\"><span style=\"color: #000000\"><span style=\"font-size: medium\">O Evento ocorrer\u00e1 no dia 09\/04\/2013 em dois hor\u00e1rios (09h e 14h).<!--more--><\/span><\/span><\/p>\n<p align=\"JUSTIFY\"><span style=\"color: #000000\"><span style=\"font-size: medium\">Convidamos todos os trabalhadores e alunos do <\/span><\/span><span style=\"color: #000000\"><span style=\"font-size: medium\"><strong>Campus Bom Jesus da Lapa<\/strong><\/span><\/span><span style=\"color: #000000\"><span style=\"font-size: medium\"> para o encontro promovido pela Comiss\u00e3o de \u00c9tica do instituto.<\/span><\/span><\/p>\n<p align=\"JUSTIFY\">\u00a0<span style=\"font-size: medium\">O Evento ocorrer\u00e1 no dia 09\/04\/2013 em dois hor\u00e1rios (09h e 14h), no audit\u00f3rio.<\/span><\/p>\n<p align=\"JUSTIFY\">\u00a0<span><span style=\"font-size: medium\"><strong>P\u00fablico-alvo:<\/strong><\/span><\/span><span><span style=\"font-size: medium\"> servidores, terceirizados, estagi\u00e1rios e alunos.<\/span><\/span><\/p>\n<p align=\"JUSTIFY\">\u00a0<span><span style=\"font-size: medium\"><strong>Tem\u00e1tica: <\/strong><\/span><\/span><span><span style=\"font-size: medium\">apresenta\u00e7\u00e3o da comiss\u00e3o; requisitos legais; relat\u00f3rio 2012; plano de a\u00e7\u00e3o 2013; procedimento preliminar \u2013 rito processual.<\/span><\/span><\/p>\n","protected":false},"excerpt":{"rendered":"<p>O Evento ocorrer\u00e1 no dia 09\/04\/2013 em dois hor\u00e1rios (09h e 14h).<\/p>\n","protected":false},"author":23,"featured_media":0,"comment_status":"open","ping_status":"open","sticky":false,"template":"","format":"standard","meta":[],"categories":[25,24],"tags":[],"_links":{"self":[{"href":"https:\/\/www.ifbaiano.edu.br\/unidades\/lapa\/wp-json\/wp\/v2\/posts\/949"}],"collection":[{"href":"https:\/\/www.ifbaiano.edu.br\/unidades\/lapa\/wp-json\/wp\/v2\/posts"}],"about":[{"href":"https:\/\/www.ifbaiano.edu.br\/unidades\/lapa\/wp-json\/wp\/v2\/types\/post"}],"author":[{"embeddable":true,"href":"https:\/\/www.ifbaiano.edu.br\/unidades\/lapa\/wp-json\/wp\/v2\/users\/23"}],"replies":[{"embeddable":true,"href":"https:\/\/www.ifbaiano.edu.br\/unidades\/lapa\/wp-json\/wp\/v2\/comments?post=949"}],"version-history":[{"count":3,"href":"https:\/\/www.ifbaiano.edu.br\/unidades\/lapa\/wp-json\/wp\/v2\/posts\/949\/revisions"}],"predecessor-version":[{"id":951,"href":"https:\/\/www.ifbaiano.edu.br\/unidades\/lapa\/wp-json\/wp\/v2\/posts\/949\/revisions\/951"}],"wp:attachment":[{"href":"https:\/\/www.ifbaiano.edu.br\/unidades\/lapa\/wp-json\/wp\/v2\/media?parent=949"}],"wp:term":[{"taxonomy":"category","embeddable":true,"href":"https:\/\/www.ifbaiano.edu.br\/unidades\/lapa\/wp-json\/wp\/v2\/categories?post=949"},{"taxonomy":"post_tag","embeddable":true,"href":"https:\/\/www.ifbaiano.edu.br\/unidades\/lapa\/wp-json\/wp\/v2\/tags?post=949"}],"curies":[{"name":"wp","href":"https:\/\/api.w.org\/{rel}","templated":true}]}}