{"id":9649,"date":"2017-12-18T09:12:18","date_gmt":"2017-12-18T12:12:18","guid":{"rendered":"http:\/\/www.ifbaiano.edu.br\/unidades\/lapa\/?p=9649"},"modified":"2017-12-18T09:14:40","modified_gmt":"2017-12-18T12:14:40","slug":"rematriculas-2018-cursos-subsequentes-e-integrados","status":"publish","type":"post","link":"https:\/\/www.ifbaiano.edu.br\/unidades\/lapa\/2017\/12\/18\/rematriculas-2018-cursos-subsequentes-e-integrados\/","title":{"rendered":"Rematr\u00edculas,  Transfer\u00eancias, Mudan\u00e7as de Turno e Trancamento de Matr\u00edcula 2018 &#8211; Cursos Subsequentes e Integrados"},"content":{"rendered":"<p><a href=\"http:\/\/www.ifbaiano.edu.br\/unidades\/lapa\/files\/2017\/08\/banner-campus-bom-jesus-da-lapa-informa-1.jpg\"><img decoding=\"async\" loading=\"lazy\" class=\"aligncenter size-full wp-image-7972\" src=\"http:\/\/www.ifbaiano.edu.br\/unidades\/lapa\/files\/2017\/08\/banner-campus-bom-jesus-da-lapa-informa-1.jpg\" alt=\"banner-campus-bom-jesus-da-lapa-informa\" width=\"787\" height=\"107\" \/><\/a><\/p>\n<p>&nbsp;<\/p>\n<p style=\"text-align: justify\">Informamos que a\u00a0<strong>renova\u00e7\u00e3o de matr\u00edculas, pedidos de transfer\u00eancia, mudan\u00e7a de turno e trancamento de matr\u00edcula<\/strong>\u00a0dos estudantes dos Cursos T\u00e9cnicos Subsequentes e Integrados ao Ensino M\u00e9dio ser\u00e3o realizadas no per\u00edodo de\u00a0<strong>29 a 31 de janeiro de 2018<\/strong>, na Secretaria de Registros Acad\u00eamicos, em hor\u00e1rio a ser divulgado, posteriormente.<\/p>\n<hr \/>\n","protected":false},"excerpt":{"rendered":"<p>&nbsp; Informamos que a\u00a0renova\u00e7\u00e3o de matr\u00edculas, pedidos de transfer\u00eancia, mudan\u00e7a de turno e trancamento de matr\u00edcula\u00a0dos estudantes dos Cursos T\u00e9cnicos Subsequentes e Integrados ao Ensino M\u00e9dio ser\u00e3o realizadas no per\u00edodo de\u00a029 a 31 de janeiro de 2018, na Secretaria de Registros Acad\u00eamicos, em hor\u00e1rio a ser divulgado, posteriormente.<\/p>\n","protected":false},"author":84,"featured_media":0,"comment_status":"open","ping_status":"open","sticky":false,"template":"","format":"standard","meta":[],"categories":[64,24,65],"tags":[],"_links":{"self":[{"href":"https:\/\/www.ifbaiano.edu.br\/unidades\/lapa\/wp-json\/wp\/v2\/posts\/9649"}],"collection":[{"href":"https:\/\/www.ifbaiano.edu.br\/unidades\/lapa\/wp-json\/wp\/v2\/posts"}],"about":[{"href":"https:\/\/www.ifbaiano.edu.br\/unidades\/lapa\/wp-json\/wp\/v2\/types\/post"}],"author":[{"embeddable":true,"href":"https:\/\/www.ifbaiano.edu.br\/unidades\/lapa\/wp-json\/wp\/v2\/users\/84"}],"replies":[{"embeddable":true,"href":"https:\/\/www.ifbaiano.edu.br\/unidades\/lapa\/wp-json\/wp\/v2\/comments?post=9649"}],"version-history":[{"count":5,"href":"https:\/\/www.ifbaiano.edu.br\/unidades\/lapa\/wp-json\/wp\/v2\/posts\/9649\/revisions"}],"predecessor-version":[{"id":9654,"href":"https:\/\/www.ifbaiano.edu.br\/unidades\/lapa\/wp-json\/wp\/v2\/posts\/9649\/revisions\/9654"}],"wp:attachment":[{"href":"https:\/\/www.ifbaiano.edu.br\/unidades\/lapa\/wp-json\/wp\/v2\/media?parent=9649"}],"wp:term":[{"taxonomy":"category","embeddable":true,"href":"https:\/\/www.ifbaiano.edu.br\/unidades\/lapa\/wp-json\/wp\/v2\/categories?post=9649"},{"taxonomy":"post_tag","embeddable":true,"href":"https:\/\/www.ifbaiano.edu.br\/unidades\/lapa\/wp-json\/wp\/v2\/tags?post=9649"}],"curies":[{"name":"wp","href":"https:\/\/api.w.org\/{rel}","templated":true}]}}