{"id":965,"date":"2013-04-02T16:16:09","date_gmt":"2013-04-02T18:16:09","guid":{"rendered":"http:\/\/www.ifbaiano.edu.br\/unidades\/lapa\/?p=965"},"modified":"2013-04-02T16:19:06","modified_gmt":"2013-04-02T18:19:06","slug":"33-edicao","status":"publish","type":"post","link":"https:\/\/www.ifbaiano.edu.br\/unidades\/lapa\/2013\/04\/02\/33-edicao\/","title":{"rendered":"33\u00aa edi\u00e7\u00e3o do Pr\u00eamio Jos\u00e9 Reis de Divulga\u00e7\u00e3o Cient\u00edfica e Tecnol\u00f3gica"},"content":{"rendered":"<p>Inscri\u00e7\u00f5es v\u00e3o at\u00e9 o dia 17 de maio de 2013.<!--more--><\/p>\n<p>Est\u00e3o abertas as inscri\u00e7\u00f5es para a 33\u00aa edi\u00e7\u00e3o do Pr\u00eamio Jos\u00e9 Reis de Divulga\u00e7\u00e3o Cient\u00edfica e Tecnol\u00f3gica que neste ano premiar\u00e1 o pesquisador ou escritor enquanto divulgador da Ci\u00eancia, Tecnologia e Inova\u00e7\u00e3o para o grande p\u00fablico.<\/p>\n<p>Encaminhamos, abaixo, o folder eletr\u00f4nico.<\/p>\n<p>Maiores informa\u00e7\u00f5es no endere\u00e7o:\u00a0<a href=\"http:\/\/www.premiojosereis.cnpq.br\/\" target=\"_blank\">http:\/\/www.premiojosereis.cnpq.br\/<\/a>.<\/p>\n<p>&nbsp;<\/p>\n","protected":false},"excerpt":{"rendered":"<p>Inscri\u00e7\u00f5es v\u00e3o at\u00e9 o dia 17 de maio de 2013.<\/p>\n","protected":false},"author":23,"featured_media":0,"comment_status":"open","ping_status":"open","sticky":false,"template":"","format":"standard","meta":[],"categories":[25,24],"tags":[],"_links":{"self":[{"href":"https:\/\/www.ifbaiano.edu.br\/unidades\/lapa\/wp-json\/wp\/v2\/posts\/965"}],"collection":[{"href":"https:\/\/www.ifbaiano.edu.br\/unidades\/lapa\/wp-json\/wp\/v2\/posts"}],"about":[{"href":"https:\/\/www.ifbaiano.edu.br\/unidades\/lapa\/wp-json\/wp\/v2\/types\/post"}],"author":[{"embeddable":true,"href":"https:\/\/www.ifbaiano.edu.br\/unidades\/lapa\/wp-json\/wp\/v2\/users\/23"}],"replies":[{"embeddable":true,"href":"https:\/\/www.ifbaiano.edu.br\/unidades\/lapa\/wp-json\/wp\/v2\/comments?post=965"}],"version-history":[{"count":5,"href":"https:\/\/www.ifbaiano.edu.br\/unidades\/lapa\/wp-json\/wp\/v2\/posts\/965\/revisions"}],"predecessor-version":[{"id":970,"href":"https:\/\/www.ifbaiano.edu.br\/unidades\/lapa\/wp-json\/wp\/v2\/posts\/965\/revisions\/970"}],"wp:attachment":[{"href":"https:\/\/www.ifbaiano.edu.br\/unidades\/lapa\/wp-json\/wp\/v2\/media?parent=965"}],"wp:term":[{"taxonomy":"category","embeddable":true,"href":"https:\/\/www.ifbaiano.edu.br\/unidades\/lapa\/wp-json\/wp\/v2\/categories?post=965"},{"taxonomy":"post_tag","embeddable":true,"href":"https:\/\/www.ifbaiano.edu.br\/unidades\/lapa\/wp-json\/wp\/v2\/tags?post=965"}],"curies":[{"name":"wp","href":"https:\/\/api.w.org\/{rel}","templated":true}]}}