{"id":9684,"date":"2017-12-22T13:57:32","date_gmt":"2017-12-22T16:57:32","guid":{"rendered":"http:\/\/www.ifbaiano.edu.br\/unidades\/lapa\/?p=9684"},"modified":"2017-12-22T13:57:32","modified_gmt":"2017-12-22T16:57:32","slug":"resultado-final-do-processo-seletivo-2018","status":"publish","type":"post","link":"https:\/\/www.ifbaiano.edu.br\/unidades\/lapa\/2017\/12\/22\/resultado-final-do-processo-seletivo-2018\/","title":{"rendered":"Resultado Final do Processo Seletivo 2018"},"content":{"rendered":"<p>A Comiss\u00e3o Local do Processo Seletivo 2018 &#8211; Campus Bom Jesus da Lapa comunica que est\u00e1 dispon\u00edvel o Resultado Final do Processo Seletivo 2018, para os cursos integrados.<\/p>\n<p>A planilha pode ser acessada no seguinte link: http: <a href=\"http:\/\/ifbaiano.edu.br\/portal\/ingresso-de-estudantes-2018\/wp-content\/uploads\/sites\/39\/2017\/12\/Lista-final-de-Aprovados_Classificados-BOM-JESUS-DA-LAPA.pdf\">ACESSEM AQUI <\/a><\/p>\n<p>Informamos que oportunamente ser\u00e1 publicado o Edital de Matr\u00edculas, informando os prazos e documentos necess\u00e1rios.<\/p>\n<p>Fonte: Comiss\u00e3o Local &#8211; Campus Bom Jesus da Lapa<\/p>\n","protected":false},"excerpt":{"rendered":"<p>A Comiss\u00e3o Local do Processo Seletivo 2018 &#8211; Campus Bom Jesus da Lapa comunica que est\u00e1 dispon\u00edvel o Resultado Final do Processo Seletivo 2018, para os cursos integrados. A planilha pode ser acessada no seguinte link: http: ACESSEM AQUI Informamos que oportunamente ser\u00e1 publicado o Edital de Matr\u00edculas, informando os prazos e documentos necess\u00e1rios. Fonte: [&hellip;]<\/p>\n","protected":false},"author":36,"featured_media":0,"comment_status":"open","ping_status":"open","sticky":false,"template":"","format":"standard","meta":[],"categories":[64],"tags":[],"_links":{"self":[{"href":"https:\/\/www.ifbaiano.edu.br\/unidades\/lapa\/wp-json\/wp\/v2\/posts\/9684"}],"collection":[{"href":"https:\/\/www.ifbaiano.edu.br\/unidades\/lapa\/wp-json\/wp\/v2\/posts"}],"about":[{"href":"https:\/\/www.ifbaiano.edu.br\/unidades\/lapa\/wp-json\/wp\/v2\/types\/post"}],"author":[{"embeddable":true,"href":"https:\/\/www.ifbaiano.edu.br\/unidades\/lapa\/wp-json\/wp\/v2\/users\/36"}],"replies":[{"embeddable":true,"href":"https:\/\/www.ifbaiano.edu.br\/unidades\/lapa\/wp-json\/wp\/v2\/comments?post=9684"}],"version-history":[{"count":1,"href":"https:\/\/www.ifbaiano.edu.br\/unidades\/lapa\/wp-json\/wp\/v2\/posts\/9684\/revisions"}],"predecessor-version":[{"id":9685,"href":"https:\/\/www.ifbaiano.edu.br\/unidades\/lapa\/wp-json\/wp\/v2\/posts\/9684\/revisions\/9685"}],"wp:attachment":[{"href":"https:\/\/www.ifbaiano.edu.br\/unidades\/lapa\/wp-json\/wp\/v2\/media?parent=9684"}],"wp:term":[{"taxonomy":"category","embeddable":true,"href":"https:\/\/www.ifbaiano.edu.br\/unidades\/lapa\/wp-json\/wp\/v2\/categories?post=9684"},{"taxonomy":"post_tag","embeddable":true,"href":"https:\/\/www.ifbaiano.edu.br\/unidades\/lapa\/wp-json\/wp\/v2\/tags?post=9684"}],"curies":[{"name":"wp","href":"https:\/\/api.w.org\/{rel}","templated":true}]}}