{"id":9686,"date":"2017-12-30T00:00:42","date_gmt":"2017-12-30T03:00:42","guid":{"rendered":"http:\/\/www.ifbaiano.edu.br\/unidades\/lapa\/?p=9686"},"modified":"2018-01-05T10:29:59","modified_gmt":"2018-01-05T13:29:59","slug":"edital-de-matricula-2018","status":"publish","type":"post","link":"https:\/\/www.ifbaiano.edu.br\/unidades\/lapa\/2017\/12\/30\/edital-de-matricula-2018\/","title":{"rendered":"Publicado Edital de Matr\u00edculas dos estudantes selecionados no Processo Seletivo 2018"},"content":{"rendered":"<p><a href=\"http:\/\/www.ifbaiano.edu.br\/unidades\/lapa\/files\/2017\/08\/banner-campus-bom-jesus-da-lapa-informa-1.jpg\"><img decoding=\"async\" loading=\"lazy\" class=\"aligncenter size-full wp-image-7972\" src=\"http:\/\/www.ifbaiano.edu.br\/unidades\/lapa\/files\/2017\/08\/banner-campus-bom-jesus-da-lapa-informa-1.jpg\" alt=\"banner-campus-bom-jesus-da-lapa-informa\" width=\"787\" height=\"107\" \/><\/a><\/p>\n<p style=\"text-align: justify\">O Diretor Geral do Campus\u00a0Bom Jesus da Lapa, no uso de suas atribui\u00e7\u00f5es legais e, em observ\u00e2ncia ao Edital n\u00b0 114 de 29 de agosto de\u00a02017, referente ao PROCESSO DE INGRESSO DE ESTUDANTES EM 2018, resolve:<\/p>\n<p style=\"text-align: justify\"><strong>CONVOCAR EM PRIMEIRA CHAMADA<\/strong>, para efetiva\u00e7\u00e3o de suas MATR\u00cdCULAS, os candidatos\u00a0<strong>APROVADOS<\/strong>\u00a0de acordo com o resultado final do PROCESSO SELETIVO DE INGRESSO DE ESTUDANTES EM 2018.1, publicado na p\u00e1gina oficial &lt;ingresso.ifbaiano.edu.br&gt;<\/p>\n<p style=\"text-align: justify\">As matr\u00edculas ser\u00e3o realizadas na Secretaria de Registros Acad\u00eamicos, nos dias 08, 09 e 10 de janeiro de 2018, nos seguintes hor\u00e1rios: 08:00 \u00e0s 11:00 \/ 13:30 \u00e0s 16:00.<\/p>\n<p style=\"text-align: justify\">Orientamos que os candidatos estejam atentos aos documentos necess\u00e1rios, pois n\u00e3o haver\u00e1 matr\u00edcula com documenta\u00e7\u00e3o incompleta. A rela\u00e7\u00e3o encontra-se no Edital de Matr\u00edculas, dispon\u00edvel no seguinte link:\u00a0<a href=\"http:\/\/www.ifbaiano.edu.br\/unidades\/lapa\/files\/2017\/12\/Edital-10-2017-de-Matr\u00edcula-cursos-interados-2018.pdf\">Edital de Matr\u00edcula 2018<\/a><\/p>\n","protected":false},"excerpt":{"rendered":"<p>O Diretor Geral do Campus\u00a0Bom Jesus da Lapa, no uso de suas atribui\u00e7\u00f5es legais e, em observ\u00e2ncia ao Edital n\u00b0 114 de 29 de agosto de\u00a02017, referente ao PROCESSO DE INGRESSO DE ESTUDANTES EM 2018, resolve: CONVOCAR EM PRIMEIRA CHAMADA, para efetiva\u00e7\u00e3o de suas MATR\u00cdCULAS, os candidatos\u00a0APROVADOS\u00a0de acordo com o resultado final do PROCESSO SELETIVO [&hellip;]<\/p>\n","protected":false},"author":84,"featured_media":0,"comment_status":"open","ping_status":"open","sticky":false,"template":"","format":"standard","meta":[],"categories":[64,24,65],"tags":[],"_links":{"self":[{"href":"https:\/\/www.ifbaiano.edu.br\/unidades\/lapa\/wp-json\/wp\/v2\/posts\/9686"}],"collection":[{"href":"https:\/\/www.ifbaiano.edu.br\/unidades\/lapa\/wp-json\/wp\/v2\/posts"}],"about":[{"href":"https:\/\/www.ifbaiano.edu.br\/unidades\/lapa\/wp-json\/wp\/v2\/types\/post"}],"author":[{"embeddable":true,"href":"https:\/\/www.ifbaiano.edu.br\/unidades\/lapa\/wp-json\/wp\/v2\/users\/84"}],"replies":[{"embeddable":true,"href":"https:\/\/www.ifbaiano.edu.br\/unidades\/lapa\/wp-json\/wp\/v2\/comments?post=9686"}],"version-history":[{"count":5,"href":"https:\/\/www.ifbaiano.edu.br\/unidades\/lapa\/wp-json\/wp\/v2\/posts\/9686\/revisions"}],"predecessor-version":[{"id":9692,"href":"https:\/\/www.ifbaiano.edu.br\/unidades\/lapa\/wp-json\/wp\/v2\/posts\/9686\/revisions\/9692"}],"wp:attachment":[{"href":"https:\/\/www.ifbaiano.edu.br\/unidades\/lapa\/wp-json\/wp\/v2\/media?parent=9686"}],"wp:term":[{"taxonomy":"category","embeddable":true,"href":"https:\/\/www.ifbaiano.edu.br\/unidades\/lapa\/wp-json\/wp\/v2\/categories?post=9686"},{"taxonomy":"post_tag","embeddable":true,"href":"https:\/\/www.ifbaiano.edu.br\/unidades\/lapa\/wp-json\/wp\/v2\/tags?post=9686"}],"curies":[{"name":"wp","href":"https:\/\/api.w.org\/{rel}","templated":true}]}}