{"id":9734,"date":"2018-01-18T08:20:57","date_gmt":"2018-01-18T11:20:57","guid":{"rendered":"http:\/\/www.ifbaiano.edu.br\/unidades\/lapa\/?p=9734"},"modified":"2018-01-18T08:21:37","modified_gmt":"2018-01-18T11:21:37","slug":"terceira-chamada-de-matricula-2018","status":"publish","type":"post","link":"https:\/\/www.ifbaiano.edu.br\/unidades\/lapa\/2018\/01\/18\/terceira-chamada-de-matricula-2018\/","title":{"rendered":"Terceira Chamada de Matr\u00edcula 2018"},"content":{"rendered":"<p><a href=\"http:\/\/www.ifbaiano.edu.br\/unidades\/lapa\/files\/2017\/08\/banner-campus-bom-jesus-da-lapa-informa-1.jpg\"><img decoding=\"async\" loading=\"lazy\" class=\"aligncenter size-full wp-image-7972\" src=\"http:\/\/www.ifbaiano.edu.br\/unidades\/lapa\/files\/2017\/08\/banner-campus-bom-jesus-da-lapa-informa-1.jpg\" alt=\"banner-campus-bom-jesus-da-lapa-informa\" width=\"787\" height=\"107\" \/><\/a><\/p>\n<p style=\"text-align: justify\">O Diretor Geral do Instituto Federal de Educa\u00e7\u00e3o Ci\u00eancia e Tecnologia Baiano \u2013 Campus Bom Jesus da Lapa, no uso de suas atribui\u00e7\u00f5es legais, conforme lhe confere a Portaria N\u00ba 333 de 18\/03\/2014, DOU de 19\/03\/2014 e, em observ\u00e2ncia ao Edital n\u00b0 114 de 29 de agosto de 2017, referente ao PROCESSO DE INGRESSO DE ESTUDANTES EM 2018, e em conformidade com o EDITAL DE MATR\u00cdCULA 10\/2017, DE 27 DE DEZEMBRO DE 2017, resolve: <strong>CONVOCAR EM TERCEIRA CHAMADA<\/strong>, para efetiva\u00e7\u00e3o de suas MATR\u00cdCULAS, os candidatos RELACIONADOS NO ANEXO I, desta convoca\u00e7\u00e3o, de acordo com o resultado final do <strong>PROCESSO SELETIVO DE INGRESSO DE ESTUDANTES EM 2018.1<\/strong>, publicado na p\u00e1gina oficial .<\/p>\n<p>&nbsp;<\/p>\n<p>Veja rela\u00e7\u00e3o:\u00a0<strong><a href=\"http:\/\/www.ifbaiano.edu.br\/unidades\/lapa\/files\/2018\/01\/Terceira-chamada-de-Matr\u00edcula-cursos-interados-2018.pdf\">Terceira chamada de Matr\u00edcula cursos interados 2018<\/a><\/strong><\/p>\n","protected":false},"excerpt":{"rendered":"<p>O Diretor Geral do Instituto Federal de Educa\u00e7\u00e3o Ci\u00eancia e Tecnologia Baiano \u2013 Campus Bom Jesus da Lapa, no uso de suas atribui\u00e7\u00f5es legais, conforme lhe confere a Portaria N\u00ba 333 de 18\/03\/2014, DOU de 19\/03\/2014 e, em observ\u00e2ncia ao Edital n\u00b0 114 de 29 de agosto de 2017, referente ao PROCESSO DE INGRESSO DE [&hellip;]<\/p>\n","protected":false},"author":84,"featured_media":0,"comment_status":"open","ping_status":"open","sticky":false,"template":"","format":"standard","meta":[],"categories":[64,24,65],"tags":[],"_links":{"self":[{"href":"https:\/\/www.ifbaiano.edu.br\/unidades\/lapa\/wp-json\/wp\/v2\/posts\/9734"}],"collection":[{"href":"https:\/\/www.ifbaiano.edu.br\/unidades\/lapa\/wp-json\/wp\/v2\/posts"}],"about":[{"href":"https:\/\/www.ifbaiano.edu.br\/unidades\/lapa\/wp-json\/wp\/v2\/types\/post"}],"author":[{"embeddable":true,"href":"https:\/\/www.ifbaiano.edu.br\/unidades\/lapa\/wp-json\/wp\/v2\/users\/84"}],"replies":[{"embeddable":true,"href":"https:\/\/www.ifbaiano.edu.br\/unidades\/lapa\/wp-json\/wp\/v2\/comments?post=9734"}],"version-history":[{"count":2,"href":"https:\/\/www.ifbaiano.edu.br\/unidades\/lapa\/wp-json\/wp\/v2\/posts\/9734\/revisions"}],"predecessor-version":[{"id":9737,"href":"https:\/\/www.ifbaiano.edu.br\/unidades\/lapa\/wp-json\/wp\/v2\/posts\/9734\/revisions\/9737"}],"wp:attachment":[{"href":"https:\/\/www.ifbaiano.edu.br\/unidades\/lapa\/wp-json\/wp\/v2\/media?parent=9734"}],"wp:term":[{"taxonomy":"category","embeddable":true,"href":"https:\/\/www.ifbaiano.edu.br\/unidades\/lapa\/wp-json\/wp\/v2\/categories?post=9734"},{"taxonomy":"post_tag","embeddable":true,"href":"https:\/\/www.ifbaiano.edu.br\/unidades\/lapa\/wp-json\/wp\/v2\/tags?post=9734"}],"curies":[{"name":"wp","href":"https:\/\/api.w.org\/{rel}","templated":true}]}}