{"id":9767,"date":"2018-01-24T15:36:16","date_gmt":"2018-01-24T18:36:16","guid":{"rendered":"http:\/\/www.ifbaiano.edu.br\/unidades\/lapa\/?p=9767"},"modified":"2018-01-24T15:36:32","modified_gmt":"2018-01-24T18:36:32","slug":"edital-de-renovacao-de-matricula-2018","status":"publish","type":"post","link":"https:\/\/www.ifbaiano.edu.br\/unidades\/lapa\/2018\/01\/24\/edital-de-renovacao-de-matricula-2018\/","title":{"rendered":"Edital de Renova\u00e7\u00e3o de Matr\u00edcula 2018"},"content":{"rendered":"<p><a href=\"http:\/\/www.ifbaiano.edu.br\/unidades\/lapa\/files\/2017\/08\/banner-campus-bom-jesus-da-lapa-informa-1.jpg\"><img decoding=\"async\" loading=\"lazy\" class=\"aligncenter size-full wp-image-7972\" src=\"http:\/\/www.ifbaiano.edu.br\/unidades\/lapa\/files\/2017\/08\/banner-campus-bom-jesus-da-lapa-informa-1.jpg\" alt=\"banner-campus-bom-jesus-da-lapa-informa\" width=\"787\" height=\"107\" \/><\/a><\/p>\n<p style=\"text-align: justify\">O Diretor Geral do Instituto Federal de Educa\u00e7\u00e3o Ci\u00eancia e Tecnologia Baiano \u2013 <em>Campus<\/em> Bom Jesus da Lapa, no uso de suas atribui\u00e7\u00f5es legais, conforme lhe confere a Portaria N\u00ba 333 de 18\/03\/2014, DOU de 19\/03\/2014, de acordo com as disposi\u00e7\u00f5es da legisla\u00e7\u00e3o em vigor, FAZ SABER, atrav\u00e9s deste Edital, as condi\u00e7\u00f5es de RENOVA\u00c7\u00c3O DE MATR\u00cdCULA 2018 dos estudantes dos Cursos T\u00e9cnicos Integrados e Subsequentes ao Ensino M\u00e9dio na Modalidade Presencial, para o ano letivo de 2018 (Cursos Integrados) e per\u00edodo letivo 2018.1 (Cursos Subsequentes), para o Campus de Bom Jesus da Lapa, conforme cronograma abaixo e em conson\u00e2ncia com o que rege a Organiza\u00e7\u00e3o Did\u00e1tica dos Cursos da Educa\u00e7\u00e3o Profissional T\u00e9cnica de N\u00edvel M\u00e9dio do IF Baiano, aprovada pela Resolu\u00e7\u00e3o n\u00ba 05, de 29 de mar\u00e7o de 2011, pelo Conselho Superior\/IF Baiano.<\/p>\n<p style=\"text-align: justify\">Leia aqui o\u00a0<strong><a href=\"http:\/\/www.ifbaiano.edu.br\/unidades\/lapa\/files\/2018\/01\/EDITAL-N\u00ba-01-2018-de-24.01.18-Renova\u00e7\u00e3o-de-matr\u00edcula-2018.pdf\" target=\"_blank\">EDITAL N\u00ba 01-2018 de 24.01.18 &#8211; Renova\u00e7\u00e3o de matr\u00edcula 2018<\/a><\/strong><\/p>\n","protected":false},"excerpt":{"rendered":"<p>O Diretor Geral do Instituto Federal de Educa\u00e7\u00e3o Ci\u00eancia e Tecnologia Baiano \u2013 Campus Bom Jesus da Lapa, no uso de suas atribui\u00e7\u00f5es legais, conforme lhe confere a Portaria N\u00ba 333 de 18\/03\/2014, DOU de 19\/03\/2014, de acordo com as disposi\u00e7\u00f5es da legisla\u00e7\u00e3o em vigor, FAZ SABER, atrav\u00e9s deste Edital, as condi\u00e7\u00f5es de RENOVA\u00c7\u00c3O DE [&hellip;]<\/p>\n","protected":false},"author":84,"featured_media":0,"comment_status":"open","ping_status":"open","sticky":false,"template":"","format":"standard","meta":[],"categories":[64,24,65],"tags":[],"_links":{"self":[{"href":"https:\/\/www.ifbaiano.edu.br\/unidades\/lapa\/wp-json\/wp\/v2\/posts\/9767"}],"collection":[{"href":"https:\/\/www.ifbaiano.edu.br\/unidades\/lapa\/wp-json\/wp\/v2\/posts"}],"about":[{"href":"https:\/\/www.ifbaiano.edu.br\/unidades\/lapa\/wp-json\/wp\/v2\/types\/post"}],"author":[{"embeddable":true,"href":"https:\/\/www.ifbaiano.edu.br\/unidades\/lapa\/wp-json\/wp\/v2\/users\/84"}],"replies":[{"embeddable":true,"href":"https:\/\/www.ifbaiano.edu.br\/unidades\/lapa\/wp-json\/wp\/v2\/comments?post=9767"}],"version-history":[{"count":2,"href":"https:\/\/www.ifbaiano.edu.br\/unidades\/lapa\/wp-json\/wp\/v2\/posts\/9767\/revisions"}],"predecessor-version":[{"id":9770,"href":"https:\/\/www.ifbaiano.edu.br\/unidades\/lapa\/wp-json\/wp\/v2\/posts\/9767\/revisions\/9770"}],"wp:attachment":[{"href":"https:\/\/www.ifbaiano.edu.br\/unidades\/lapa\/wp-json\/wp\/v2\/media?parent=9767"}],"wp:term":[{"taxonomy":"category","embeddable":true,"href":"https:\/\/www.ifbaiano.edu.br\/unidades\/lapa\/wp-json\/wp\/v2\/categories?post=9767"},{"taxonomy":"post_tag","embeddable":true,"href":"https:\/\/www.ifbaiano.edu.br\/unidades\/lapa\/wp-json\/wp\/v2\/tags?post=9767"}],"curies":[{"name":"wp","href":"https:\/\/api.w.org\/{rel}","templated":true}]}}