{"id":9771,"date":"2018-01-24T15:49:21","date_gmt":"2018-01-24T18:49:21","guid":{"rendered":"http:\/\/www.ifbaiano.edu.br\/unidades\/lapa\/?p=9771"},"modified":"2018-01-24T15:51:15","modified_gmt":"2018-01-24T18:51:15","slug":"comunicado-2","status":"publish","type":"post","link":"https:\/\/www.ifbaiano.edu.br\/unidades\/lapa\/2018\/01\/24\/comunicado-2\/","title":{"rendered":"COMUNICADO"},"content":{"rendered":"<p><a href=\"http:\/\/www.ifbaiano.edu.br\/unidades\/lapa\/files\/2017\/08\/banner-campus-bom-jesus-da-lapa-informa-1.jpg\"><img decoding=\"async\" loading=\"lazy\" class=\"aligncenter size-full wp-image-7972\" src=\"http:\/\/www.ifbaiano.edu.br\/unidades\/lapa\/files\/2017\/08\/banner-campus-bom-jesus-da-lapa-informa-1.jpg\" alt=\"banner-campus-bom-jesus-da-lapa-informa\" width=\"787\" height=\"107\" \/><\/a><\/p>\n<p>&nbsp;<\/p>\n<p style=\"text-align: justify\"><span style=\"font-size: medium\">Comunicamos aos discentes, seus pais e respons\u00e1veis e a toda a comunidade acad\u00eamica, que as aulas dos cursos integrados e subsequentes ao ensino m\u00e9dio, no IF Baiano \u2013 <i>Campus<\/i> Bom Jesus da Lapa, ter\u00e3o in\u00edcio no dia 07\/02\/2018, e para os discentes do Curso de Gradua\u00e7\u00e3o em Engenharia Agron\u00f4mica o rein\u00edcio do semestre 2017.2, acontecer\u00e1 no dia 01\/02\/2018. Aproveitamos a oportunidade para convidar os estudantes dos primeiros anos dos cursos integrados ao ensino m\u00e9dio para a aplica\u00e7\u00e3o das atividades diagn\u00f3sticas com vistas ao nivelamento, que acontecer\u00e3o nos dias 05 e 06\/02\/2017, no turno matutino.<\/span><\/p>\n<p style=\"text-align: justify\">\n<hr \/>\n","protected":false},"excerpt":{"rendered":"<p>&nbsp; Comunicamos aos discentes, seus pais e respons\u00e1veis e a toda a comunidade acad\u00eamica, que as aulas dos cursos integrados e subsequentes ao ensino m\u00e9dio, no IF Baiano \u2013 Campus Bom Jesus da Lapa, ter\u00e3o in\u00edcio no dia 07\/02\/2018, e para os discentes do Curso de Gradua\u00e7\u00e3o em Engenharia Agron\u00f4mica o rein\u00edcio do semestre 2017.2, [&hellip;]<\/p>\n","protected":false},"author":84,"featured_media":0,"comment_status":"open","ping_status":"open","sticky":false,"template":"","format":"standard","meta":[],"categories":[64,24,65],"tags":[],"_links":{"self":[{"href":"https:\/\/www.ifbaiano.edu.br\/unidades\/lapa\/wp-json\/wp\/v2\/posts\/9771"}],"collection":[{"href":"https:\/\/www.ifbaiano.edu.br\/unidades\/lapa\/wp-json\/wp\/v2\/posts"}],"about":[{"href":"https:\/\/www.ifbaiano.edu.br\/unidades\/lapa\/wp-json\/wp\/v2\/types\/post"}],"author":[{"embeddable":true,"href":"https:\/\/www.ifbaiano.edu.br\/unidades\/lapa\/wp-json\/wp\/v2\/users\/84"}],"replies":[{"embeddable":true,"href":"https:\/\/www.ifbaiano.edu.br\/unidades\/lapa\/wp-json\/wp\/v2\/comments?post=9771"}],"version-history":[{"count":4,"href":"https:\/\/www.ifbaiano.edu.br\/unidades\/lapa\/wp-json\/wp\/v2\/posts\/9771\/revisions"}],"predecessor-version":[{"id":9775,"href":"https:\/\/www.ifbaiano.edu.br\/unidades\/lapa\/wp-json\/wp\/v2\/posts\/9771\/revisions\/9775"}],"wp:attachment":[{"href":"https:\/\/www.ifbaiano.edu.br\/unidades\/lapa\/wp-json\/wp\/v2\/media?parent=9771"}],"wp:term":[{"taxonomy":"category","embeddable":true,"href":"https:\/\/www.ifbaiano.edu.br\/unidades\/lapa\/wp-json\/wp\/v2\/categories?post=9771"},{"taxonomy":"post_tag","embeddable":true,"href":"https:\/\/www.ifbaiano.edu.br\/unidades\/lapa\/wp-json\/wp\/v2\/tags?post=9771"}],"curies":[{"name":"wp","href":"https:\/\/api.w.org\/{rel}","templated":true}]}}