{"id":9776,"date":"2018-01-26T13:43:14","date_gmt":"2018-01-26T16:43:14","guid":{"rendered":"http:\/\/www.ifbaiano.edu.br\/unidades\/lapa\/?p=9776"},"modified":"2018-01-26T13:52:22","modified_gmt":"2018-01-26T16:52:22","slug":"oficia-de-libras-pronunciando-palavras-com-as-maos","status":"publish","type":"post","link":"https:\/\/www.ifbaiano.edu.br\/unidades\/lapa\/2018\/01\/26\/oficia-de-libras-pronunciando-palavras-com-as-maos\/","title":{"rendered":"Oficia de Libras: Pronunciando Palavras com as M\u00e3os"},"content":{"rendered":"<p style=\"text-align: justify\">Na tarde de 23 de janeiro de 2018, no IF Baiano, Campus Bom Jesus da Lapa, foi realizada a Oficina de Libras \u2013 Pronunciando Palavras com as M\u00e3os. Estiveram presentes a comunidade acad\u00eamica do Campus e comunidade externa. O objetivo da oficina foi oferecer conhecimento acerca da L\u00edngua Brasileira de Sinais \u2013 Libras, meio de comunica\u00e7\u00e3o utilizado pela comunidade surda.<\/p>\n<table style=\"height: 374px\" width=\"1003\">\n<tbody>\n<tr>\n<td><a href=\"http:\/\/www.ifbaiano.edu.br\/unidades\/lapa\/files\/2018\/01\/Foto-2.jpg\"><img decoding=\"async\" loading=\"lazy\" class=\"aligncenter size-full wp-image-9778\" src=\"http:\/\/www.ifbaiano.edu.br\/unidades\/lapa\/files\/2018\/01\/Foto-2.jpg\" alt=\"Foto (2)\" width=\"1152\" height=\"864\" \/><\/a><\/td>\n<td><a href=\"http:\/\/www.ifbaiano.edu.br\/unidades\/lapa\/files\/2018\/01\/Foto-4.jpg\"><img decoding=\"async\" loading=\"lazy\" class=\"aligncenter size-full wp-image-9780\" src=\"http:\/\/www.ifbaiano.edu.br\/unidades\/lapa\/files\/2018\/01\/Foto-4.jpg\" alt=\"Foto (4)\" width=\"1152\" height=\"864\" \/><\/a><\/td>\n<td><a href=\"http:\/\/www.ifbaiano.edu.br\/unidades\/lapa\/files\/2018\/01\/Foto-3.jpg\"><img decoding=\"async\" loading=\"lazy\" class=\"aligncenter size-full wp-image-9779\" src=\"http:\/\/www.ifbaiano.edu.br\/unidades\/lapa\/files\/2018\/01\/Foto-3.jpg\" alt=\"Foto (3)\" width=\"1152\" height=\"864\" \/><\/a><\/td>\n<\/tr>\n<tr>\n<td><a href=\"http:\/\/www.ifbaiano.edu.br\/unidades\/lapa\/files\/2018\/01\/Foto-6.jpg\"><img decoding=\"async\" loading=\"lazy\" class=\"aligncenter size-full wp-image-9782\" src=\"http:\/\/www.ifbaiano.edu.br\/unidades\/lapa\/files\/2018\/01\/Foto-6.jpg\" alt=\"Foto (6)\" width=\"495\" height=\"371\" \/><\/a><\/td>\n<td><a href=\"http:\/\/www.ifbaiano.edu.br\/unidades\/lapa\/files\/2018\/01\/Foto-5.jpg\"><img decoding=\"async\" loading=\"lazy\" class=\"aligncenter size-full wp-image-9781\" src=\"http:\/\/www.ifbaiano.edu.br\/unidades\/lapa\/files\/2018\/01\/Foto-5.jpg\" alt=\"Foto (5)\" width=\"1280\" height=\"720\" \/><\/a><\/td>\n<td><\/td>\n<\/tr>\n<\/tbody>\n<\/table>\n","protected":false},"excerpt":{"rendered":"<p>Na tarde de 23 de janeiro de 2018, no IF Baiano, Campus Bom Jesus da Lapa, foi realizada a Oficina de Libras \u2013 Pronunciando Palavras com as M\u00e3os. Estiveram presentes a comunidade acad\u00eamica do Campus e comunidade externa. O objetivo da oficina foi oferecer conhecimento acerca da L\u00edngua Brasileira de Sinais \u2013 Libras, meio de [&hellip;]<\/p>\n","protected":false},"author":84,"featured_media":0,"comment_status":"open","ping_status":"open","sticky":false,"template":"","format":"standard","meta":[],"categories":[64,24,65],"tags":[],"_links":{"self":[{"href":"https:\/\/www.ifbaiano.edu.br\/unidades\/lapa\/wp-json\/wp\/v2\/posts\/9776"}],"collection":[{"href":"https:\/\/www.ifbaiano.edu.br\/unidades\/lapa\/wp-json\/wp\/v2\/posts"}],"about":[{"href":"https:\/\/www.ifbaiano.edu.br\/unidades\/lapa\/wp-json\/wp\/v2\/types\/post"}],"author":[{"embeddable":true,"href":"https:\/\/www.ifbaiano.edu.br\/unidades\/lapa\/wp-json\/wp\/v2\/users\/84"}],"replies":[{"embeddable":true,"href":"https:\/\/www.ifbaiano.edu.br\/unidades\/lapa\/wp-json\/wp\/v2\/comments?post=9776"}],"version-history":[{"count":10,"href":"https:\/\/www.ifbaiano.edu.br\/unidades\/lapa\/wp-json\/wp\/v2\/posts\/9776\/revisions"}],"predecessor-version":[{"id":9792,"href":"https:\/\/www.ifbaiano.edu.br\/unidades\/lapa\/wp-json\/wp\/v2\/posts\/9776\/revisions\/9792"}],"wp:attachment":[{"href":"https:\/\/www.ifbaiano.edu.br\/unidades\/lapa\/wp-json\/wp\/v2\/media?parent=9776"}],"wp:term":[{"taxonomy":"category","embeddable":true,"href":"https:\/\/www.ifbaiano.edu.br\/unidades\/lapa\/wp-json\/wp\/v2\/categories?post=9776"},{"taxonomy":"post_tag","embeddable":true,"href":"https:\/\/www.ifbaiano.edu.br\/unidades\/lapa\/wp-json\/wp\/v2\/tags?post=9776"}],"curies":[{"name":"wp","href":"https:\/\/api.w.org\/{rel}","templated":true}]}}