{"id":985,"date":"2013-04-29T14:56:05","date_gmt":"2013-04-29T16:56:05","guid":{"rendered":"http:\/\/www.ifbaiano.edu.br\/unidades\/lapa\/?p=985"},"modified":"2013-04-29T14:58:04","modified_gmt":"2013-04-29T16:58:04","slug":"processo-de-mudanca-do-nome-do-if-baiano","status":"publish","type":"post","link":"https:\/\/www.ifbaiano.edu.br\/unidades\/lapa\/2013\/04\/29\/processo-de-mudanca-do-nome-do-if-baiano\/","title":{"rendered":"Processo de mudan\u00e7a do nome do IF Baiano"},"content":{"rendered":"<p>Consulta \u00e0 comunidade do IF Baiano \u2013 Vota\u00e7\u00e3o de 29\/4 a 3\/5\/2013<!--more--><\/p>\n<p>Prezados senhores,<\/p>\n<p>Encontra-se em tramita\u00e7\u00e3o no Congresso Nacional um Projeto de Lei, que tem como objeto a\u00a0<strong>mudan\u00e7a do nome do nosso Instituto<\/strong>, ou seja, de Instituto Federal de Educa\u00e7\u00e3o, Ci\u00eancia e Tecnologia Baiano \u2013\u00a0<strong>IF Baiano<\/strong>, para Instituto Federal de Educa\u00e7\u00e3o, Ci\u00eancia e Tecnologia 02 de Julho \u2013\u00a0<strong>IF Dois de Julho.<\/strong><\/p>\n<p><strong><a href=\"http:\/\/www.ifbaiano.edu.br\/reitoria\/wp-content\/uploads\/2013\/04\/mudanca_nome_if_baiano.pdf\">Leia documento<\/a><\/strong><\/p>\n<p><a href=\"http:\/\/opina.ifbaiano.edu.br\/index.php\/411734?lang=pt-BR\"><strong>Acesse link de vota\u00e7\u00e3o<\/strong><\/a><\/p>\n<p>&nbsp;<\/p>\n","protected":false},"excerpt":{"rendered":"<p>Consulta \u00e0 comunidade do IF Baiano \u2013 Vota\u00e7\u00e3o de 29\/4 a 3\/5\/2013<\/p>\n","protected":false},"author":23,"featured_media":0,"comment_status":"open","ping_status":"open","sticky":false,"template":"","format":"standard","meta":[],"categories":[25,24],"tags":[],"_links":{"self":[{"href":"https:\/\/www.ifbaiano.edu.br\/unidades\/lapa\/wp-json\/wp\/v2\/posts\/985"}],"collection":[{"href":"https:\/\/www.ifbaiano.edu.br\/unidades\/lapa\/wp-json\/wp\/v2\/posts"}],"about":[{"href":"https:\/\/www.ifbaiano.edu.br\/unidades\/lapa\/wp-json\/wp\/v2\/types\/post"}],"author":[{"embeddable":true,"href":"https:\/\/www.ifbaiano.edu.br\/unidades\/lapa\/wp-json\/wp\/v2\/users\/23"}],"replies":[{"embeddable":true,"href":"https:\/\/www.ifbaiano.edu.br\/unidades\/lapa\/wp-json\/wp\/v2\/comments?post=985"}],"version-history":[{"count":3,"href":"https:\/\/www.ifbaiano.edu.br\/unidades\/lapa\/wp-json\/wp\/v2\/posts\/985\/revisions"}],"predecessor-version":[{"id":987,"href":"https:\/\/www.ifbaiano.edu.br\/unidades\/lapa\/wp-json\/wp\/v2\/posts\/985\/revisions\/987"}],"wp:attachment":[{"href":"https:\/\/www.ifbaiano.edu.br\/unidades\/lapa\/wp-json\/wp\/v2\/media?parent=985"}],"wp:term":[{"taxonomy":"category","embeddable":true,"href":"https:\/\/www.ifbaiano.edu.br\/unidades\/lapa\/wp-json\/wp\/v2\/categories?post=985"},{"taxonomy":"post_tag","embeddable":true,"href":"https:\/\/www.ifbaiano.edu.br\/unidades\/lapa\/wp-json\/wp\/v2\/tags?post=985"}],"curies":[{"name":"wp","href":"https:\/\/api.w.org\/{rel}","templated":true}]}}