{"id":9887,"date":"2018-02-01T11:25:23","date_gmt":"2018-02-01T14:25:23","guid":{"rendered":"http:\/\/www.ifbaiano.edu.br\/unidades\/lapa\/?p=9887"},"modified":"2018-02-01T11:28:31","modified_gmt":"2018-02-01T14:28:31","slug":"if-baiano-campus-lapa-divulga-calendario-academico-2018","status":"publish","type":"post","link":"https:\/\/www.ifbaiano.edu.br\/unidades\/lapa\/2018\/02\/01\/if-baiano-campus-lapa-divulga-calendario-academico-2018\/","title":{"rendered":"IF Baiano Campus Lapa Divulga Calend\u00e1rio Acad\u00eamico 2018"},"content":{"rendered":"<p><a href=\"http:\/\/www.ifbaiano.edu.br\/unidades\/lapa\/files\/2017\/08\/banner-campus-bom-jesus-da-lapa-informa-1.jpg\"><img decoding=\"async\" loading=\"lazy\" class=\"aligncenter size-full wp-image-7972\" src=\"http:\/\/www.ifbaiano.edu.br\/unidades\/lapa\/files\/2017\/08\/banner-campus-bom-jesus-da-lapa-informa-1.jpg\" alt=\"banner-campus-bom-jesus-da-lapa-informa\" width=\"787\" height=\"107\" \/><\/a><\/p>\n<p>&nbsp;<\/p>\n<p><strong>Clique no link abaixo e confira ou acesse o menu lateral &#8220;<span style=\"text-decoration: underline\"><span style=\"color: #000000;text-decoration: underline\">Espa\u00e7o do Estudante<\/span><\/span>&#8221; e a op\u00e7\u00e3o &#8220;<span style=\"text-decoration: underline\">Calend\u00e1rio Acad\u00eamico<\/span>&#8220;<\/strong><\/p>\n<blockquote class=\"wp-embedded-content\" data-secret=\"KoRMAca6pT\"><p><a href=\"http:\/\/www.ifbaiano.edu.br\/unidades\/lapa\/calendario-academico\/\">Calend\u00e1rio Acad\u00eamico<\/a><\/p><\/blockquote>\n<p><iframe class=\"wp-embedded-content\" sandbox=\"allow-scripts\" security=\"restricted\" style=\"position: absolute; clip: rect(1px, 1px, 1px, 1px);\" src=\"http:\/\/www.ifbaiano.edu.br\/unidades\/lapa\/calendario-academico\/embed\/#?secret=KoRMAca6pT\" data-secret=\"KoRMAca6pT\" width=\"500\" height=\"282\" title=\"&#8220;Calend\u00e1rio Acad\u00eamico&#8221; &#8212; Campus Bom Jesus da Lapa\" frameborder=\"0\" marginwidth=\"0\" marginheight=\"0\" scrolling=\"no\"><\/iframe><\/p>\n","protected":false},"excerpt":{"rendered":"<p>&nbsp; Clique no link abaixo e confira ou acesse o menu lateral &#8220;Espa\u00e7o do Estudante&#8221; e a op\u00e7\u00e3o &#8220;Calend\u00e1rio Acad\u00eamico&#8220; Calend\u00e1rio Acad\u00eamico<\/p>\n","protected":false},"author":84,"featured_media":0,"comment_status":"open","ping_status":"open","sticky":false,"template":"","format":"standard","meta":[],"categories":[64,24,65],"tags":[],"_links":{"self":[{"href":"https:\/\/www.ifbaiano.edu.br\/unidades\/lapa\/wp-json\/wp\/v2\/posts\/9887"}],"collection":[{"href":"https:\/\/www.ifbaiano.edu.br\/unidades\/lapa\/wp-json\/wp\/v2\/posts"}],"about":[{"href":"https:\/\/www.ifbaiano.edu.br\/unidades\/lapa\/wp-json\/wp\/v2\/types\/post"}],"author":[{"embeddable":true,"href":"https:\/\/www.ifbaiano.edu.br\/unidades\/lapa\/wp-json\/wp\/v2\/users\/84"}],"replies":[{"embeddable":true,"href":"https:\/\/www.ifbaiano.edu.br\/unidades\/lapa\/wp-json\/wp\/v2\/comments?post=9887"}],"version-history":[{"count":6,"href":"https:\/\/www.ifbaiano.edu.br\/unidades\/lapa\/wp-json\/wp\/v2\/posts\/9887\/revisions"}],"predecessor-version":[{"id":9893,"href":"https:\/\/www.ifbaiano.edu.br\/unidades\/lapa\/wp-json\/wp\/v2\/posts\/9887\/revisions\/9893"}],"wp:attachment":[{"href":"https:\/\/www.ifbaiano.edu.br\/unidades\/lapa\/wp-json\/wp\/v2\/media?parent=9887"}],"wp:term":[{"taxonomy":"category","embeddable":true,"href":"https:\/\/www.ifbaiano.edu.br\/unidades\/lapa\/wp-json\/wp\/v2\/categories?post=9887"},{"taxonomy":"post_tag","embeddable":true,"href":"https:\/\/www.ifbaiano.edu.br\/unidades\/lapa\/wp-json\/wp\/v2\/tags?post=9887"}],"curies":[{"name":"wp","href":"https:\/\/api.w.org\/{rel}","templated":true}]}}