{"id":10021,"date":"2018-04-12T10:14:00","date_gmt":"2018-04-12T13:14:00","guid":{"rendered":"http:\/\/www.ifbaiano.edu.br\/unidades\/santaines\/?p=10021"},"modified":"2018-04-12T10:54:57","modified_gmt":"2018-04-12T13:54:57","slug":"1o-workshop-de-producao-animal-if-baiano-campus-santa-ines","status":"publish","type":"post","link":"https:\/\/www.ifbaiano.edu.br\/unidades\/santaines\/1o-workshop-de-producao-animal-if-baiano-campus-santa-ines\/","title":{"rendered":"1\u00ba Workshop de Produ\u00e7\u00e3o Animal &#8211; IF Baiano Campus Santa In\u00eas"},"content":{"rendered":"<hr \/>\n<p>&nbsp;<\/p>\n<p align=\"justify\"><span style=\"font-family: Arial, serif\"><span style=\"font-size: medium\">O Gr<a href=\"http:\/\/www.ifbaiano.edu.br\/unidades\/santaines\/files\/2018\/04\/LOGO-GEPA.png\"><img decoding=\"async\" loading=\"lazy\" class=\"wp-image-10022 alignleft\" src=\"http:\/\/www.ifbaiano.edu.br\/unidades\/santaines\/files\/2018\/04\/LOGO-GEPA.png\" alt=\"LOGO GEPA\" width=\"169\" height=\"129\" \/><\/a>upo de Estudos em Produ\u00e7\u00e3o Animal (GEPA) do curso de Bacharelado em Zootecnia do Instituto Federal de Educa\u00e7\u00e3o, Ci\u00eancia e Tecnologia Baiano Campus Santa In\u00eas, surgiu em 2016 com o objetivo de congregar profissionais e estudantes na \u00e1rea de Ci\u00eancias Agr\u00e1rias atrav\u00e9s do desenvolvimento de atividades que possam contribuir para a eleva\u00e7\u00e3o dos conhecimentos dos mesmos na \u00e1rea da produ\u00e7\u00e3o animal.<\/span><\/span><\/p>\n<p align=\"justify\"><span style=\"font-family: Arial, serif\"><span style=\"font-size: medium\">Diante disso o GEPA convida a toda comunidade interna e externa para participarem do 1\u00ba Workshop de Produ\u00e7\u00e3o Animal que ser\u00e1 realizado no dia 27 de abril de 2018, no Audit\u00f3rio da Biblioteca do IF Baiano Campus Santa In\u00eas. Nesta primeira edi\u00e7\u00e3o estaremos discutindo o tema: <\/span><\/span><span style=\"font-family: Arial, serif\"><span style=\"font-size: medium\">\u201cA Produ\u00e7\u00e3o Animal no semi\u00e1rido\u201d<\/span><\/span><span style=\"font-family: Arial, serif\"><span style=\"font-size: medium\">, atrav\u00e9s de Palestras e M<\/span><\/span><span style=\"font-family: Arial, serif\"><span style=\"font-size: medium\">e<\/span><\/span><span style=\"font-family: Arial, serif\"><span style=\"font-size: medium\">sa Redonda que ocorrer\u00e3o durante todo o Evento.<\/span><\/span><\/p>\n<p align=\"justify\"><span style=\"font-family: Arial, serif\"><span style=\"font-size: medium\">O evento \u00e9 totalmente gratuito e a inscri\u00e7\u00e3o poder\u00e1 ser realizada na <\/span><\/span><span style=\"font-family: Arial, serif\"><span style=\"font-size: medium\">C<\/span><\/span><span style=\"font-family: Arial, serif\"><span style=\"font-size: medium\">oordena\u00e7\u00e3o de <\/span><\/span><span style=\"font-family: Arial, serif\"><span style=\"font-size: medium\">C<\/span><\/span><span style=\"font-family: Arial, serif\"><span style=\"font-size: medium\">ursos <\/span><\/span><span style=\"font-family: Arial, serif\"><span style=\"font-size: medium\">S<\/span><\/span><span style=\"font-family: Arial, serif\"><span style=\"font-size: medium\">uperiores ou diretamente com os membros do GEPA.<\/span><\/span><\/p>\n<p align=\"justify\"><span style=\"font-family: Arial, serif\"><span style=\"font-size: medium\"><a href=\"http:\/\/www.ifbaiano.edu.br\/unidades\/santaines\/files\/2018\/04\/GEPA-1.jpg\"><strong>Veja AQUI a Programa\u00e7\u00e3o<\/strong><\/a>.<\/span><\/span><\/p>\n<hr \/>\n","protected":false},"excerpt":{"rendered":"<p>Evento acontecer\u00e1 no dia 27 de abril de 2018, no Audit\u00f3rio da Biblioteca do IF Baiano Campus Santa In\u00eas.<\/p>\n","protected":false},"author":86,"featured_media":0,"comment_status":"closed","ping_status":"closed","sticky":false,"template":"","format":"standard","meta":[],"categories":[4,19,5,37,10],"tags":[],"_links":{"self":[{"href":"https:\/\/www.ifbaiano.edu.br\/unidades\/santaines\/wp-json\/wp\/v2\/posts\/10021"}],"collection":[{"href":"https:\/\/www.ifbaiano.edu.br\/unidades\/santaines\/wp-json\/wp\/v2\/posts"}],"about":[{"href":"https:\/\/www.ifbaiano.edu.br\/unidades\/santaines\/wp-json\/wp\/v2\/types\/post"}],"author":[{"embeddable":true,"href":"https:\/\/www.ifbaiano.edu.br\/unidades\/santaines\/wp-json\/wp\/v2\/users\/86"}],"replies":[{"embeddable":true,"href":"https:\/\/www.ifbaiano.edu.br\/unidades\/santaines\/wp-json\/wp\/v2\/comments?post=10021"}],"version-history":[{"count":6,"href":"https:\/\/www.ifbaiano.edu.br\/unidades\/santaines\/wp-json\/wp\/v2\/posts\/10021\/revisions"}],"predecessor-version":[{"id":10041,"href":"https:\/\/www.ifbaiano.edu.br\/unidades\/santaines\/wp-json\/wp\/v2\/posts\/10021\/revisions\/10041"}],"wp:attachment":[{"href":"https:\/\/www.ifbaiano.edu.br\/unidades\/santaines\/wp-json\/wp\/v2\/media?parent=10021"}],"wp:term":[{"taxonomy":"category","embeddable":true,"href":"https:\/\/www.ifbaiano.edu.br\/unidades\/santaines\/wp-json\/wp\/v2\/categories?post=10021"},{"taxonomy":"post_tag","embeddable":true,"href":"https:\/\/www.ifbaiano.edu.br\/unidades\/santaines\/wp-json\/wp\/v2\/tags?post=10021"}],"curies":[{"name":"wp","href":"https:\/\/api.w.org\/{rel}","templated":true}]}}