{"id":10030,"date":"2018-04-12T10:49:18","date_gmt":"2018-04-12T13:49:18","guid":{"rendered":"http:\/\/www.ifbaiano.edu.br\/unidades\/santaines\/?p=10030"},"modified":"2018-04-12T10:49:18","modified_gmt":"2018-04-12T13:49:18","slug":"articulacao-de-mulheres-do-vale-do-jiquirica-projeto-de-extensao-if-baiano-campus-santa-ines","status":"publish","type":"post","link":"https:\/\/www.ifbaiano.edu.br\/unidades\/santaines\/articulacao-de-mulheres-do-vale-do-jiquirica-projeto-de-extensao-if-baiano-campus-santa-ines\/","title":{"rendered":"Articula\u00e7\u00e3o de Mulheres do Vale do Jiquiri\u00e7\u00e1 &#8211; Projeto de Extens\u00e3o &#8211; IF Baiano Campus Santa In\u00eas"},"content":{"rendered":"<hr \/>\n<p style=\"text-align: justify\" align=\"justify\"><span style=\"font-family: 'Times New Roman', serif\"><span style=\"font-size: medium\"><span style=\"font-family: Calibri, serif\"><span style=\"font-size: small\"> <a href=\"http:\/\/www.ifbaiano.edu.br\/unidades\/santaines\/files\/2018\/04\/3.jpg\"><img decoding=\"async\" loading=\"lazy\" class=\"alignnone  wp-image-10033\" src=\"http:\/\/www.ifbaiano.edu.br\/unidades\/santaines\/files\/2018\/04\/3.jpg\" alt=\"3\" width=\"206\" height=\"154\" \/><\/a> O projeto de extens\u00e3o Articula\u00e7\u00e3o de Mulheres do Vale do Jiquiri\u00e7\u00e1 tem por objetivo fortalecer e integrar a\u00e7\u00f5es que se aproximam da Agroecologia levando em considera\u00e7\u00e3o as potencialidades e conflitos do territ\u00f3rio. <\/span><\/span><\/span><\/span><\/p>\n<p style=\"text-align: justify\" align=\"justify\"><span style=\"font-family: 'Times New Roman', serif\"><span style=\"font-size: medium\"><span style=\"font-family: Calibri, serif\"><span style=\"font-size: small\">O projeto integra diferentes campos do conhecimento, envolvendo atividades com quintais produtivos, agroindustrializa\u00e7\u00e3o da produ\u00e7\u00e3o, com\u00e9rcio de aproxima\u00e7\u00e3o e feminismo. Fazem parte da equipe, sob a coordena\u00e7\u00e3o da professora do IF Baiano Campus Santa In\u00eas, Rita Garcia, estudantes do Ensino M\u00e9dio e da Gradua\u00e7\u00e3o do Campus, de outras Institui\u00e7\u00f5es e pessoas de Movimentos Sociais e Sindicais. <\/span><\/span><\/span><\/span><\/p>\n<p style=\"text-align: justify\" align=\"justify\"><span style=\"font-family: 'Times New Roman', serif\"><span style=\"font-size: medium\"><span style=\"font-family: Calibri, serif\"><span style=\"font-size: small\">Uma das a\u00e7\u00f5es do projeto foi realizada no \u00faltimo dia 04 de abril de 2018 com fam\u00edlias da Associa\u00e7\u00e3o do Assentamento For\u00e7a Jovem dando continuidade a discuss\u00f5es sobre trabalho coletivo e organiza\u00e7\u00e3o do trabalho feminino. Cabe lembrar que a presidenta da Associa\u00e7\u00e3o, Raimunda de Jesus dos Santos, tamb\u00e9m \u00e9 integrante desse coletivo. <\/span><\/span><\/span><\/span><\/p>\n<p style=\"text-align: justify\" align=\"justify\"><span style=\"font-family: 'Times New Roman', serif\"><span style=\"font-size: medium\"><span style=\"font-family: Calibri, serif\"><span style=\"font-size: small\">A a\u00e7\u00e3o de extens\u00e3o teve como prop\u00f3sito mostrar aos estudantes os problemas do campo, desafios e demandas de um assentamento. <\/span><\/span><span style=\"color: #111111\"><span style=\"font-family: Calibri, serif\"><span style=\"font-size: small\">O encontro tamb\u00e9m foi uma oportunidade de valorizar agricultura familiar e tentar entender a import\u00e2ncia da agroecologia para a constru\u00e7\u00e3o de um novo formato de produzir e viver. <\/span><\/span><\/span><\/span><\/span><\/p>\n<p style=\"text-align: justify\" align=\"justify\"><span style=\"font-family: 'Times New Roman', serif\"><span style=\"font-size: medium\"><span style=\"color: #111111\"><span style=\"font-family: Calibri, serif\"><span style=\"font-size: small\">As t\u00e9cnicas e ferramentas usadas para promover o di\u00e1logo foram din\u00e2micas de grupos, apresenta\u00e7\u00e3o e discuss\u00e3o de v\u00eddeos e a constru\u00e7\u00e3o coletiva da trajet\u00f3ria do assentamento.<\/span><\/span><\/span><\/span><\/span><\/p>\n<p style=\"text-align: justify\" align=\"justify\"><a name=\"_GoBack\"><\/a> <span style=\"font-family: 'Times New Roman', serif\"><span style=\"font-size: medium\"><span style=\"font-family: Calibri, serif\"><span style=\"font-size: small\">Atualmente a Associa\u00e7\u00e3o tem 20 fam\u00edlias, produz e comercializa hortali\u00e7as, maracuj\u00e1, banana, aipim, urucum, farinha de mandioca, farinha de banana, tempero seco caseiro e mant\u00e9m uma \u00e1rea cultivada com araruta que foi resultado de outros trabalhos realizados pela Articula\u00e7\u00e3o.<\/span><\/span><\/span><\/span><\/p>\n<p align=\"justify\"><a href=\"http:\/\/www.ifbaiano.edu.br\/unidades\/santaines\/files\/2018\/04\/1.jpg\"><img decoding=\"async\" loading=\"lazy\" class=\"alignnone  wp-image-10031\" src=\"http:\/\/www.ifbaiano.edu.br\/unidades\/santaines\/files\/2018\/04\/1.jpg\" alt=\"1\" width=\"243\" height=\"182\" \/><\/a><a href=\"http:\/\/www.ifbaiano.edu.br\/unidades\/santaines\/files\/2018\/04\/4.jpg\"><img decoding=\"async\" loading=\"lazy\" class=\"alignnone  wp-image-10034\" src=\"http:\/\/www.ifbaiano.edu.br\/unidades\/santaines\/files\/2018\/04\/4.jpg\" alt=\"4\" width=\"246\" height=\"184\" \/><\/a><a href=\"http:\/\/www.ifbaiano.edu.br\/unidades\/santaines\/files\/2018\/04\/2.jpg\"><img decoding=\"async\" loading=\"lazy\" class=\"alignnone  wp-image-10032\" src=\"http:\/\/www.ifbaiano.edu.br\/unidades\/santaines\/files\/2018\/04\/2.jpg\" alt=\"2\" width=\"246\" height=\"185\" \/><\/a><\/p>\n<p align=\"justify\">\n","protected":false},"excerpt":{"rendered":"<p>Fazem parte da equipe, sob a coordena\u00e7\u00e3o da professora do IF Baiano Campus Santa In\u00eas, Rita Garcia, estudantes do Ensino M\u00e9dio e da Gradua\u00e7\u00e3o do Campus, de outras institui\u00e7\u00f5es e pessoas de movimentos sociais e sindicais<\/p>\n","protected":false},"author":86,"featured_media":0,"comment_status":"closed","ping_status":"closed","sticky":false,"template":"","format":"standard","meta":[],"categories":[4,10,57],"tags":[],"_links":{"self":[{"href":"https:\/\/www.ifbaiano.edu.br\/unidades\/santaines\/wp-json\/wp\/v2\/posts\/10030"}],"collection":[{"href":"https:\/\/www.ifbaiano.edu.br\/unidades\/santaines\/wp-json\/wp\/v2\/posts"}],"about":[{"href":"https:\/\/www.ifbaiano.edu.br\/unidades\/santaines\/wp-json\/wp\/v2\/types\/post"}],"author":[{"embeddable":true,"href":"https:\/\/www.ifbaiano.edu.br\/unidades\/santaines\/wp-json\/wp\/v2\/users\/86"}],"replies":[{"embeddable":true,"href":"https:\/\/www.ifbaiano.edu.br\/unidades\/santaines\/wp-json\/wp\/v2\/comments?post=10030"}],"version-history":[{"count":5,"href":"https:\/\/www.ifbaiano.edu.br\/unidades\/santaines\/wp-json\/wp\/v2\/posts\/10030\/revisions"}],"predecessor-version":[{"id":10040,"href":"https:\/\/www.ifbaiano.edu.br\/unidades\/santaines\/wp-json\/wp\/v2\/posts\/10030\/revisions\/10040"}],"wp:attachment":[{"href":"https:\/\/www.ifbaiano.edu.br\/unidades\/santaines\/wp-json\/wp\/v2\/media?parent=10030"}],"wp:term":[{"taxonomy":"category","embeddable":true,"href":"https:\/\/www.ifbaiano.edu.br\/unidades\/santaines\/wp-json\/wp\/v2\/categories?post=10030"},{"taxonomy":"post_tag","embeddable":true,"href":"https:\/\/www.ifbaiano.edu.br\/unidades\/santaines\/wp-json\/wp\/v2\/tags?post=10030"}],"curies":[{"name":"wp","href":"https:\/\/api.w.org\/{rel}","templated":true}]}}