{"id":10049,"date":"2018-04-17T13:02:31","date_gmt":"2018-04-17T16:02:31","guid":{"rendered":"http:\/\/www.ifbaiano.edu.br\/unidades\/santaines\/?p=10049"},"modified":"2018-04-24T08:55:02","modified_gmt":"2018-04-24T11:55:02","slug":"mostra-cientifica-de-solos-no-if-baiano-campus-santa-ines","status":"publish","type":"post","link":"https:\/\/www.ifbaiano.edu.br\/unidades\/santaines\/mostra-cientifica-de-solos-no-if-baiano-campus-santa-ines\/","title":{"rendered":"Mostra Cient\u00edfica de Solos no IF Baiano Campus Santa In\u00eas"},"content":{"rendered":"<hr \/>\n<p style=\"text-align: justify\" align=\"justify\"><span style=\"font-family: Times, serif\"><span style=\"font-size: small\"><span style=\"font-size: medium\"><span lang=\"pt-BR\"><a href=\"http:\/\/www.ifbaiano.edu.br\/unidades\/santaines\/files\/2018\/04\/DSC_0326.jpg\"><img decoding=\"async\" loading=\"lazy\" class=\"alignnone wp-image-10062\" src=\"http:\/\/www.ifbaiano.edu.br\/unidades\/santaines\/files\/2018\/04\/DSC_0326.jpg\" alt=\"DSC_0326\" width=\"373\" height=\"248\" \/><\/a>No dia 12 de Abril de 2018, <\/span><\/span><span style=\"font-size: medium\"><span lang=\"pt-BR\"><b>O <\/b><\/span><\/span><span style=\"color: #000000\"><span style=\"font-family: 'Times New Roman', serif\"><span style=\"font-size: medium\"><span lang=\"pt-BR\"><b>Grupo de Pesquisa e Extens\u00e3o Ci\u00eancia, Sociedade e Natureza<\/b><\/span><\/span><\/span><\/span><span style=\"color: #000000\"><span style=\"font-family: 'Times New Roman', serif\"><span style=\"font-size: medium\"><span lang=\"pt-BR\"> coordenado pelo professor do IF Baiano Campus Santa In\u00eas,\u00a0F\u00e1bio Nunes, realizou a Mostra Cient\u00edfica de Solos<\/span><\/span><\/span><\/span><span style=\"color: #000000\"><span style=\"font-family: 'Times New Roman', serif\"><span style=\"font-size: medium\"><span lang=\"pt-BR\">\u00a0que ocorreu no espa\u00e7o do Laborat\u00f3rio de Geografia F\u00edsica do Campus Santa In\u00eas. <\/span><\/span><\/span><\/span><\/span><\/span><\/p>\n<p style=\"text-align: justify\" align=\"justify\"><span style=\"font-family: Times, serif\"><span style=\"font-size: small\"><span style=\"color: #000000\"><span style=\"font-family: 'Times New Roman', serif\"><span style=\"font-size: medium\"><span lang=\"pt-BR\">O<\/span><\/span><\/span><\/span><span style=\"font-size: medium\"><span lang=\"pt-BR\">\u00a0evento contou com a presen\u00e7a e participa\u00e7\u00e3o <\/span><\/span><span style=\"color: #000000\"><span style=\"font-family: 'Times New Roman', serif\"><span style=\"font-size: medium\"><span lang=\"pt-BR\">de trinta alunos e uma professora de Geografia da Educa\u00e7\u00e3o B\u00e1sica do Col\u00e9gio Municipal Natur de Assis Filho, da Cidade de Uba\u00edra &#8211; BA.<\/span><\/span><\/span><\/span> <\/span><\/span><\/p>\n<p lang=\"en-US\" style=\"text-align: justify\"><span style=\"font-family: Times, serif\"><span style=\"font-size: small\"><span style=\"font-family: 'Times New Roman', serif\"><span style=\"font-size: medium\"><span lang=\"pt-BR\">A Mostra Cient\u00edfica de Solos \u00e9 relacionada ao Projeto de Extens\u00e3o \u201cCI\u00caNCIAS COM ARTE: CONSTRUINDO SABERES NO TERRIT\u00d3RIO DE IDENTIDADE VALE DO JEQUIRI\u00c7\u00c1 \u2013 BA\u201d. Salienta-se que a referida mostra cient\u00edfica \u00e9 uma refer\u00eancia na \u00e1rea de Geografia F\u00edsica e j\u00e1 teve seu nome difundido em eventos regionais, nacionais e internacionais, bem como, em revistas especializadas e livros, o que tem sido bom para o nosso instituto e para os cursos de Geografia e Ci\u00eancias Biol\u00f3gicas do campus.<\/span><\/span><\/span><\/span><\/span><\/p>\n<p lang=\"en-US\" style=\"text-align: justify\"><span style=\"font-family: Times, serif\"><span style=\"font-size: small\"><span style=\"font-size: medium\"><span lang=\"pt-BR\">As mostras cient\u00edficas t\u00eam se consagrado como importante metodologia no processo de ensino-aprendizagem das mais variadas ci\u00eancias e, no que se refere ao trabalho com solos, ela tem se mostrado eficiente e apresentado diversas possibilidades, pois permite aos estudantes e professores o contato direto com o objeto de estudo, podendo de maneira l\u00fadica, pr\u00e1tica e atraente, al\u00e9m de inusitada, complementar o ensino feito por professores em sala de aula. <\/span><\/span><\/span><\/span><\/p>\n<p lang=\"en-US\" style=\"text-align: justify\"><span style=\"font-family: Times, serif\"><span style=\"font-size: small\"><span style=\"font-size: medium\"><span lang=\"pt-BR\">Uma a\u00e7\u00e3o como a que se apresenta, permite ao licenciando aplicar os conhecimentos acad\u00eamicos, os quais n\u00e3o devem ficar engavetados a sete chaves, oportunizando o aprimoramento de seus saberes e compet\u00eancias em espa\u00e7os que futuramente ir\u00e3o atuar.<\/span><\/span><\/span><\/span><\/p>\n<hr \/>\n<p lang=\"en-US\" style=\"text-align: justify\">Texto: T\u00e2nia Jesus Santos\/ Fotos: ASCOM Campus Santa In\u00eas<\/p>\n<p lang=\"en-US\" style=\"text-align: justify\"><img decoding=\"async\" loading=\"lazy\" class=\"alignnone wp-image-10054\" src=\"http:\/\/www.ifbaiano.edu.br\/unidades\/santaines\/files\/2018\/04\/DSC_0284.jpg\" alt=\"DSC_0284\" width=\"178\" height=\"119\" \/><a href=\"http:\/\/www.ifbaiano.edu.br\/unidades\/santaines\/files\/2018\/04\/DSC_0307.jpg\"><img decoding=\"async\" loading=\"lazy\" class=\"alignnone wp-image-10050\" src=\"http:\/\/www.ifbaiano.edu.br\/unidades\/santaines\/files\/2018\/04\/DSC_0307.jpg\" alt=\"DSC_0307\" width=\"178\" height=\"119\" \/><\/a><a href=\"http:\/\/www.ifbaiano.edu.br\/unidades\/santaines\/files\/2018\/04\/DSC_0312.jpg\"><img decoding=\"async\" loading=\"lazy\" class=\"alignnone wp-image-10060\" src=\"http:\/\/www.ifbaiano.edu.br\/unidades\/santaines\/files\/2018\/04\/DSC_0312.jpg\" alt=\"DSC_0312\" width=\"177\" height=\"118\" \/><\/a><a href=\"http:\/\/www.ifbaiano.edu.br\/unidades\/santaines\/files\/2018\/04\/DSC_0275.jpg\"><img decoding=\"async\" loading=\"lazy\" class=\"alignnone wp-image-10052\" src=\"http:\/\/www.ifbaiano.edu.br\/unidades\/santaines\/files\/2018\/04\/DSC_0275.jpg\" alt=\"DSC_0275\" width=\"177\" height=\"118\" \/><\/a><\/p>\n<p lang=\"en-US\" style=\"text-align: justify\">\n","protected":false},"excerpt":{"rendered":"<p>No dia 12 de Abril de 2018, O Grupo de Pesquisa e Extens\u00e3o Ci\u00eancia, Sociedade e Natureza coordenado pelo professor do IF Baiano Campus Santa In\u00eas,\u00a0F\u00e1bio Nunes, realizou a Mostra Cient\u00edfica de Solos\u00a0que ocorreu no espa\u00e7o do Laborat\u00f3rio de Geografia F\u00edsica do Campus Santa In\u00eas. O\u00a0evento contou com a presen\u00e7a e participa\u00e7\u00e3o de trinta alunos [&hellip;]<\/p>\n","protected":false},"author":86,"featured_media":0,"comment_status":"closed","ping_status":"closed","sticky":false,"template":"","format":"standard","meta":[],"categories":[4,12,37,10,57],"tags":[],"_links":{"self":[{"href":"https:\/\/www.ifbaiano.edu.br\/unidades\/santaines\/wp-json\/wp\/v2\/posts\/10049"}],"collection":[{"href":"https:\/\/www.ifbaiano.edu.br\/unidades\/santaines\/wp-json\/wp\/v2\/posts"}],"about":[{"href":"https:\/\/www.ifbaiano.edu.br\/unidades\/santaines\/wp-json\/wp\/v2\/types\/post"}],"author":[{"embeddable":true,"href":"https:\/\/www.ifbaiano.edu.br\/unidades\/santaines\/wp-json\/wp\/v2\/users\/86"}],"replies":[{"embeddable":true,"href":"https:\/\/www.ifbaiano.edu.br\/unidades\/santaines\/wp-json\/wp\/v2\/comments?post=10049"}],"version-history":[{"count":17,"href":"https:\/\/www.ifbaiano.edu.br\/unidades\/santaines\/wp-json\/wp\/v2\/posts\/10049\/revisions"}],"predecessor-version":[{"id":10116,"href":"https:\/\/www.ifbaiano.edu.br\/unidades\/santaines\/wp-json\/wp\/v2\/posts\/10049\/revisions\/10116"}],"wp:attachment":[{"href":"https:\/\/www.ifbaiano.edu.br\/unidades\/santaines\/wp-json\/wp\/v2\/media?parent=10049"}],"wp:term":[{"taxonomy":"category","embeddable":true,"href":"https:\/\/www.ifbaiano.edu.br\/unidades\/santaines\/wp-json\/wp\/v2\/categories?post=10049"},{"taxonomy":"post_tag","embeddable":true,"href":"https:\/\/www.ifbaiano.edu.br\/unidades\/santaines\/wp-json\/wp\/v2\/tags?post=10049"}],"curies":[{"name":"wp","href":"https:\/\/api.w.org\/{rel}","templated":true}]}}