{"id":10079,"date":"2018-04-16T13:12:48","date_gmt":"2018-04-16T16:12:48","guid":{"rendered":"http:\/\/www.ifbaiano.edu.br\/unidades\/santaines\/?p=10079"},"modified":"2018-04-17T13:02:18","modified_gmt":"2018-04-17T16:02:18","slug":"i-mostra-de-danca-e-poesia-do-if-baiano-campus-santa-ines","status":"publish","type":"post","link":"https:\/\/www.ifbaiano.edu.br\/unidades\/santaines\/i-mostra-de-danca-e-poesia-do-if-baiano-campus-santa-ines\/","title":{"rendered":"I MOSTRA DE DAN\u00c7A E POESIA DO IF BAIANO CAMPUS SANTA IN\u00caS"},"content":{"rendered":"<hr \/>\n<p align=\"justify\"><span style=\"font-size: large\"><a href=\"http:\/\/www.ifbaiano.edu.br\/unidades\/santaines\/files\/2018\/04\/Mostra-de-Dan\u00e7a.jpg\"><img decoding=\"async\" loading=\"lazy\" class=\"alignnone wp-image-10080\" src=\"http:\/\/www.ifbaiano.edu.br\/unidades\/santaines\/files\/2018\/04\/Mostra-de-Dan\u00e7a.jpg\" alt=\"Mostra de Dan\u00e7a\" width=\"285\" height=\"404\" \/><\/a><\/span><span style=\"font-size: medium\">A Mostra de Dan\u00e7a e Poesia n\u00e3o tem car\u00e1ter t\u00e9cnico e competitivo, mas sim, pretende apresentar \u00e0 comunidade do IF BAIANO, o trabalho desenvolvido durante o \u00faltimo trimestre letivo, al\u00e9m de promover a troca de experi\u00eancia entre os estudantes e estimular o desenvolvimento cultural, o desenvolvimento da dan\u00e7a, da express\u00e3o corporal e da poesia. <\/span><\/p>\n<p align=\"justify\"><span style=\"font-size: medium\">Outro grande objetivo \u00e9 proporcionar aos adolescentes escolares a viv\u00eancia art\u00edstica, as emo\u00e7\u00f5es e os sentimentos, a participa\u00e7\u00e3o no processo cr\u00edtico e criativo, o entendimento de um espet\u00e1culo e a experi\u00eancia proporcionada pelo palco. Ensinando tamb\u00e9m aos espectadores, a suavidade de nutrir a mente, o respeito e aprecia\u00e7\u00e3o \u00e0 obra intelectual e que o sil\u00eancio no decorrer das apresenta\u00e7\u00f5es \u00e9 t\u00e3o necess\u00e1rio quanto os aplausos ao final delas.<\/span><\/p>\n<p><span style=\"font-size: large\">PROGRAMA\u00c7\u00c3O: 17 de abril de 2018<\/span><\/p>\n<p align=\"justify\"><span style=\"font-size: medium\">18h30min \u00e0s 18h40min \u2013 Abertura do Evento &#8211; Prof. Ramon Missias-Moreira.<\/span><\/p>\n<p align=\"justify\"><span style=\"font-size: medium\">18h42min \u00e0s 18h54min &#8211; Copa do Mundo \u2013 2\u00ba A.<\/span><\/p>\n<p align=\"justify\"><span style=\"font-size: medium\">18h56min \u00e0s 19h09min \u2013 Desigualdade Social \u2013 2\u00ba B.<\/span><\/p>\n<p align=\"justify\"><span style=\"font-size: medium\">19h11min \u00e0s 19h22min \u2013 Esporte na Sociedade Contempor\u00e2nea \u2013 2\u00ba C.<\/span><\/p>\n<p align=\"justify\"><span style=\"font-size: medium\">19h24min \u00e0s 19h36min \u2013 Vida Cotidiana (Cibercultura) \u2013 2\u00ba D.<\/span><\/p>\n<p align=\"justify\"><span style=\"font-size: medium\">19h38min \u00e0s 19h50min \u2013 Feminismo \u2013 3\u00ba B.<\/span><\/p>\n<p align=\"justify\"><span style=\"font-size: medium\">19h52min \u00e0s 20h04min \u2013 Retratos da \u00c1frica \u2013 3\u00ba C.<\/span><\/p>\n<p align=\"justify\"><span style=\"font-size: medium\">20h06min \u00e0s 20h18min \u2013 Racismo \u2013 3\u00ba D.<\/span><\/p>\n<p align=\"justify\"><span style=\"font-size: medium\">20h20min \u00e0s 20h32min \u2013 Diversidade \u2013 3\u00ba E.<\/span><\/p>\n<p align=\"justify\"><span style=\"font-size: medium\">20h34min \u00e0s 20h46min \u2013 Encerramento do evento &#8211; Prof. Ramon Missias-Moreira.<\/span><\/p>\n<hr \/>\n<p align=\"justify\"><span style=\"font-size: medium\">Ao publicar fotos e v\u00eddeos nas redes sociais digitais utilizem a hastag:<span style=\"color: #0000ff\"> #Mostradedan\u00e7aepoesiaIFBaiano<\/span><\/span><\/p>\n<p align=\"justify\"><span style=\"font-size: large\">COMISS\u00c3O ORGANIZADORA<\/span><\/p>\n<p align=\"justify\"><span style=\"font-size: medium\">Prof. Dr. Ramon Missias-Moreira (Educa\u00e7\u00e3o F\u00edsica)<\/span><\/p>\n<p align=\"justify\"><span style=\"font-size: medium\">Discentes dos Cursos T\u00e9cnicos de Agropecu\u00e1ria, Alimentos e Zootecnia: (2\u00ba A, B, C e D \/ 3\u00ba A, B, C,D e E)<\/span><\/p>\n<hr \/>\n<p align=\"justify\"><span style=\"font-size: large\">CONTATOS<\/span><\/p>\n<p align=\"justify\"><span style=\"font-size: large\">Instituto Federal de Educa\u00e7\u00e3o, Ci\u00eancia e Tecnologia Baiano \u2013 IF BAIANO<\/span><\/p>\n<p align=\"justify\"><span style=\"font-size: large\">Maiores informa\u00e7\u00f5es: E-mail: ramon.moreira@ifbaiano.edu.br<\/span><\/p>\n<p align=\"justify\"><span style=\"font-size: large\">Telefone: (73) 3536-1210<\/span><\/p>\n<hr \/>\n","protected":false},"excerpt":{"rendered":"<p>O Evento acontecer\u00e1 dia 17 de abril de 2018, \u00e0s 18h30min, no Gin\u00e1sio de Esportes do IF BAIANO Campus Santa In\u00eas<\/p>\n","protected":false},"author":86,"featured_media":0,"comment_status":"closed","ping_status":"closed","sticky":false,"template":"","format":"standard","meta":[],"categories":[4,19,5,37,10,57],"tags":[],"_links":{"self":[{"href":"https:\/\/www.ifbaiano.edu.br\/unidades\/santaines\/wp-json\/wp\/v2\/posts\/10079"}],"collection":[{"href":"https:\/\/www.ifbaiano.edu.br\/unidades\/santaines\/wp-json\/wp\/v2\/posts"}],"about":[{"href":"https:\/\/www.ifbaiano.edu.br\/unidades\/santaines\/wp-json\/wp\/v2\/types\/post"}],"author":[{"embeddable":true,"href":"https:\/\/www.ifbaiano.edu.br\/unidades\/santaines\/wp-json\/wp\/v2\/users\/86"}],"replies":[{"embeddable":true,"href":"https:\/\/www.ifbaiano.edu.br\/unidades\/santaines\/wp-json\/wp\/v2\/comments?post=10079"}],"version-history":[{"count":10,"href":"https:\/\/www.ifbaiano.edu.br\/unidades\/santaines\/wp-json\/wp\/v2\/posts\/10079\/revisions"}],"predecessor-version":[{"id":10090,"href":"https:\/\/www.ifbaiano.edu.br\/unidades\/santaines\/wp-json\/wp\/v2\/posts\/10079\/revisions\/10090"}],"wp:attachment":[{"href":"https:\/\/www.ifbaiano.edu.br\/unidades\/santaines\/wp-json\/wp\/v2\/media?parent=10079"}],"wp:term":[{"taxonomy":"category","embeddable":true,"href":"https:\/\/www.ifbaiano.edu.br\/unidades\/santaines\/wp-json\/wp\/v2\/categories?post=10079"},{"taxonomy":"post_tag","embeddable":true,"href":"https:\/\/www.ifbaiano.edu.br\/unidades\/santaines\/wp-json\/wp\/v2\/tags?post=10079"}],"curies":[{"name":"wp","href":"https:\/\/api.w.org\/{rel}","templated":true}]}}