{"id":10096,"date":"2018-04-17T13:02:04","date_gmt":"2018-04-17T16:02:04","guid":{"rendered":"http:\/\/www.ifbaiano.edu.br\/unidades\/santaines\/?p=10096"},"modified":"2018-04-24T08:55:18","modified_gmt":"2018-04-24T11:55:18","slug":"saiu-a-programacao-oficial-da-viii-semana-de-zootecnia-do-if-baiano-campus-santa-ines","status":"publish","type":"post","link":"https:\/\/www.ifbaiano.edu.br\/unidades\/santaines\/saiu-a-programacao-oficial-da-viii-semana-de-zootecnia-do-if-baiano-campus-santa-ines\/","title":{"rendered":"Saiu a Programa\u00e7\u00e3o Oficial da VIII Semana de Zootecnia do IF Baiano Campus Santa In\u00eas"},"content":{"rendered":"<hr \/>\n<p style=\"text-align: justify\"><a href=\"http:\/\/www.ifbaiano.edu.br\/unidades\/santaines\/files\/2018\/04\/PROGRAMA\u00c7\u00c3O-OFICIAL-VIII-Semana-de-Zootecnia.pdf\"><img decoding=\"async\" loading=\"lazy\" class=\"alignnone wp-image-10091\" src=\"http:\/\/www.ifbaiano.edu.br\/unidades\/santaines\/files\/2018\/03\/ZOO-1.jpg\" width=\"352\" height=\"198\" \/><\/a>A Abertura Oficial do Evento ser\u00e1 \u00e0s 19h do dia 16 de maio com a Palestra\u00a0&#8220;Conserva\u00e7\u00e3o de Recursos Gen\u00e9ticos&#8221;, ministrada por Dr. <a href=\"http:\/\/buscatextual.cnpq.br\/buscatextual\/visualizacv.do?id=K4775897T8\">Ronaldo Vasconcelos Farias filho<\/a>, Professor Auxiliar da Universidade Estadual do Sudoeste da Bahia (UESB).<\/p>\n<p style=\"text-align: justify\">No dia 17 de maio, ap\u00f3s o coquetel de abertura, iniciar\u00e3o as <strong>PALESTRAS<\/strong>,\u00a0a partir das 08h:<\/p>\n<p style=\"text-align: justify\"><strong> PALESTRA I \u2013<\/strong> Produ\u00e7\u00e3o animal em bases agroecol\u00f3gicas com a Dra. <a href=\"http:\/\/buscatextual.cnpq.br\/buscatextual\/visualizacv.do?id=K4533579D3\">Jussara Telma dos Santos<\/a>,\u00a0professora do Instituto Federal Baiano, Campus Guanambi.<\/p>\n<p style=\"text-align: justify\"><strong> PALESTRA II \u2013<\/strong> Agricultura familiar: desafios e perspectivas na produ\u00e7\u00e3o agroecol\u00f3gica, ministrada pela Dra. <a href=\"http:\/\/buscatextual.cnpq.br\/buscatextual\/visualizacv.do?id=K4206049J6\">Silvia Dantas Costa<\/a>.<\/p>\n<p style=\"text-align: justify\">Os <strong>MINICURSOS<\/strong> ter\u00e3o in\u00edcio \u00e0s 14h do dia 17 de maio &#8211; A\u00a0lista dos minicursos\u00a0est\u00e3o dispon\u00edveis na <a href=\"https:\/\/docs.google.com\/forms\/d\/e\/1FAIpQLScmFnSzvJhX8dFTP3ltQzpRPT8BfdZhRXnXeltJyPHbnf0VHg\/viewform\">p\u00e1gina de inscri\u00e7\u00f5es<\/a>.<\/p>\n<p style=\"text-align: justify\">No dia 18\/05 acontecer\u00e3o <strong>MINICURSOS<\/strong>\u00a0durante a manh\u00e3, a partir das 08h e, \u00e0 tarde, a partir das 14h,\u00a0<strong>APRESENTA\u00c7\u00c3O DE TRABALHOS<\/strong>\u00a0(P\u00f4ster e oral).<\/p>\n<p style=\"text-align: justify\">No dia 19\/05 acontecer\u00e3o:\u00a0<strong>MINICURSO:<\/strong> \u201cTrilha guiada: Reconhecendo um dos ecossistemas do Vale do Jiquiri\u00e7a\u201d, a partir das 08h, em Uba\u00edra\/BA e, as 14h, encerramento com a<strong> II Cavalgada da Zootecnia<\/strong>.<\/p>\n<hr \/>\n<p><span style=\"text-decoration: underline\"><strong>Veja a\u00a0<a href=\"http:\/\/www.ifbaiano.edu.br\/unidades\/santaines\/files\/2018\/04\/PROGRAMA\u00c7\u00c3O-OFICIAL-VIII-Semana-de-Zootecnia.pdf\">Programa\u00e7\u00e3o em PDF<\/a><\/strong><\/span><\/p>\n<p><strong>Acesse todas as informa\u00e7\u00f5es do EVENTO <a href=\"http:\/\/www.ifbaiano.edu.br\/unidades\/santaines\/viii-semana-de-zootecnia-do-if-baiano-campus-santa-ines\/\"><span style=\"color: #ff0000\">AQUI<\/span><\/a><\/strong><\/p>\n<hr \/>\n<p>&nbsp;<\/p>\n","protected":false},"excerpt":{"rendered":"<p>A Abertura Oficial do Evento ser\u00e1 \u00e0s 19h do dia 16 de maio de 2018<\/p>\n","protected":false},"author":86,"featured_media":0,"comment_status":"closed","ping_status":"closed","sticky":false,"template":"","format":"standard","meta":[],"categories":[4,5,37,10,57],"tags":[],"_links":{"self":[{"href":"https:\/\/www.ifbaiano.edu.br\/unidades\/santaines\/wp-json\/wp\/v2\/posts\/10096"}],"collection":[{"href":"https:\/\/www.ifbaiano.edu.br\/unidades\/santaines\/wp-json\/wp\/v2\/posts"}],"about":[{"href":"https:\/\/www.ifbaiano.edu.br\/unidades\/santaines\/wp-json\/wp\/v2\/types\/post"}],"author":[{"embeddable":true,"href":"https:\/\/www.ifbaiano.edu.br\/unidades\/santaines\/wp-json\/wp\/v2\/users\/86"}],"replies":[{"embeddable":true,"href":"https:\/\/www.ifbaiano.edu.br\/unidades\/santaines\/wp-json\/wp\/v2\/comments?post=10096"}],"version-history":[{"count":8,"href":"https:\/\/www.ifbaiano.edu.br\/unidades\/santaines\/wp-json\/wp\/v2\/posts\/10096\/revisions"}],"predecessor-version":[{"id":10108,"href":"https:\/\/www.ifbaiano.edu.br\/unidades\/santaines\/wp-json\/wp\/v2\/posts\/10096\/revisions\/10108"}],"wp:attachment":[{"href":"https:\/\/www.ifbaiano.edu.br\/unidades\/santaines\/wp-json\/wp\/v2\/media?parent=10096"}],"wp:term":[{"taxonomy":"category","embeddable":true,"href":"https:\/\/www.ifbaiano.edu.br\/unidades\/santaines\/wp-json\/wp\/v2\/categories?post=10096"},{"taxonomy":"post_tag","embeddable":true,"href":"https:\/\/www.ifbaiano.edu.br\/unidades\/santaines\/wp-json\/wp\/v2\/tags?post=10096"}],"curies":[{"name":"wp","href":"https:\/\/api.w.org\/{rel}","templated":true}]}}