{"id":1011,"date":"2012-01-23T08:16:00","date_gmt":"2012-01-23T11:16:00","guid":{"rendered":"http:\/\/www.ifbaiano.edu.br\/unidades\/santaines\/?p=1011"},"modified":"2012-01-23T08:16:00","modified_gmt":"2012-01-23T11:16:00","slug":"divulgado-a-lista-com-o-resultado-final-da-selecao-de-bolsistas-proext-2011mecsesu","status":"publish","type":"post","link":"https:\/\/www.ifbaiano.edu.br\/unidades\/santaines\/divulgado-a-lista-com-o-resultado-final-da-selecao-de-bolsistas-proext-2011mecsesu\/","title":{"rendered":"Divulgado a lista com o resultado final da Sele\u00e7\u00e3o de bolsistas Proext 2011\/Mec\/Sesu"},"content":{"rendered":"<p>A Comiss\u00e3o do Processo Seletivo de candidatos ao projeto: \u201cImplanta\u00e7\u00e3o de Selo de Qualidade em Alimentos Produzidos em Assentamentos Vinculados Feira Livre do Munic\u00edpio de Santa In\u00eas (PROEXT 2011\/ MEC\/ SESU)\u201d, no uso de suas atribui\u00e7\u00f5es, com base na chamada p\u00fablica n\u00ba 01\/2011, torna p\u00fablica a rela\u00e7\u00e3o de candidatos classificados para atuarem no projeto.<\/p>\n<p><a href=\"http:\/\/www.ifbaiano.edu.br\/unidades\/santaines\/files\/2012\/01\/resultado-final.pdf\">Confira Aqui<\/a><\/p>\n<p>&nbsp;<\/p>\n","protected":false},"excerpt":{"rendered":"<p>A Comiss\u00e3o do Processo Seletivo de candidatos ao projeto: \u201cImplanta\u00e7\u00e3o de Selo de Qualidade em Alimentos Produzidos em Assentamentos Vinculados Feira Livre do Munic\u00edpio de Santa In\u00eas (PROEXT 2011\/ MEC\/ SESU)\u201d, no uso de suas atribui\u00e7\u00f5es, com base na chamada p\u00fablica n\u00ba 01\/2011, torna p\u00fablica a rela\u00e7\u00e3o de candidatos classificados para atuarem no projeto. Confira [&hellip;]<\/p>\n","protected":false},"author":26,"featured_media":0,"comment_status":"closed","ping_status":"closed","sticky":false,"template":"","format":"standard","meta":[],"categories":[8],"tags":[],"_links":{"self":[{"href":"https:\/\/www.ifbaiano.edu.br\/unidades\/santaines\/wp-json\/wp\/v2\/posts\/1011"}],"collection":[{"href":"https:\/\/www.ifbaiano.edu.br\/unidades\/santaines\/wp-json\/wp\/v2\/posts"}],"about":[{"href":"https:\/\/www.ifbaiano.edu.br\/unidades\/santaines\/wp-json\/wp\/v2\/types\/post"}],"author":[{"embeddable":true,"href":"https:\/\/www.ifbaiano.edu.br\/unidades\/santaines\/wp-json\/wp\/v2\/users\/26"}],"replies":[{"embeddable":true,"href":"https:\/\/www.ifbaiano.edu.br\/unidades\/santaines\/wp-json\/wp\/v2\/comments?post=1011"}],"version-history":[{"count":1,"href":"https:\/\/www.ifbaiano.edu.br\/unidades\/santaines\/wp-json\/wp\/v2\/posts\/1011\/revisions"}],"predecessor-version":[{"id":1012,"href":"https:\/\/www.ifbaiano.edu.br\/unidades\/santaines\/wp-json\/wp\/v2\/posts\/1011\/revisions\/1012"}],"wp:attachment":[{"href":"https:\/\/www.ifbaiano.edu.br\/unidades\/santaines\/wp-json\/wp\/v2\/media?parent=1011"}],"wp:term":[{"taxonomy":"category","embeddable":true,"href":"https:\/\/www.ifbaiano.edu.br\/unidades\/santaines\/wp-json\/wp\/v2\/categories?post=1011"},{"taxonomy":"post_tag","embeddable":true,"href":"https:\/\/www.ifbaiano.edu.br\/unidades\/santaines\/wp-json\/wp\/v2\/tags?post=1011"}],"curies":[{"name":"wp","href":"https:\/\/api.w.org\/{rel}","templated":true}]}}