{"id":10117,"date":"2018-04-24T09:16:23","date_gmt":"2018-04-24T12:16:23","guid":{"rendered":"http:\/\/www.ifbaiano.edu.br\/unidades\/santaines\/?p=10117"},"modified":"2018-04-24T09:16:23","modified_gmt":"2018-04-24T12:16:23","slug":"livro-parana-insurgente-tem-capitulo-de-autoria-de-professora-do-if-baiano-campus-santa-ines","status":"publish","type":"post","link":"https:\/\/www.ifbaiano.edu.br\/unidades\/santaines\/livro-parana-insurgente-tem-capitulo-de-autoria-de-professora-do-if-baiano-campus-santa-ines\/","title":{"rendered":"Livro \u201cParan\u00e1 Insurgente\u201d tem cap\u00edtulo de autoria de Professora do IF Baiano Campus Santa In\u00eas"},"content":{"rendered":"<hr \/>\n<div>\u00a0O livro Paran\u00e1 Insurgente&#8221; organizado por Professores da Universidade Federal do Paran\u00e1 (UFPR) e\u00a0Instituto Federal de Educa\u00e7\u00e3o, Ci\u00eancia e Tecnologia do Paran\u00e1 (IFPR), tem um cap\u00edtulo &#8220;A Batalha pela Copel&#8221;\u00a0se insere na IV Parte do Livro\u00a0que trata do tema: Combates em Tempos de Repress\u00e3o e Investidas Neoliberais e representa um fragmento do trabalho de disserta\u00e7\u00e3o da docente de Filosofia do IF Baiano Campus Santa In\u00eas, Catia Cilene Farago.<\/div>\n<div>\n<div><\/div>\n<div>O livro re\u00fane 22 artigos cient\u00edficos englobando as \u00e1reas de hist\u00f3ria, geografia, ci\u00eancias sociais e jur\u00eddicas. Este encontra-se dispon\u00edvel\u00a0para download gratuito no site da UFPR, a partir deste m\u00eas\u00a0\u00a0<strong><a href=\"http:\/\/www.ufpr.br\/portalufpr\/noticias\/organizado-por-professores-de-historia-da-ufpr-e-da-ifpr-livro-parana-insurgente-resgata-lutas-de-movimentos-sociais-parana-insurgente-historia\">ACESSE AQUI<\/a><\/strong>\u00a0e ser\u00e1 lan\u00e7ada no pr\u00f3ximo dia <span id=\"OBJ_PREFIX_DWT738_com_zimbra_date\" class=\"Object\"><span id=\"OBJ_PREFIX_DWT747_com_zimbra_date\" class=\"Object\">4 de maio<\/span><\/span>, no Campus Reitoria, em Curitiba.<\/div>\n<div>\u00a0<a href=\"http:\/\/www.ifbaiano.edu.br\/unidades\/santaines\/files\/2018\/04\/Paran\u00e1-Insurgente.jpg\"><img decoding=\"async\" loading=\"lazy\" class=\"alignnone size-full wp-image-10118\" src=\"http:\/\/www.ifbaiano.edu.br\/unidades\/santaines\/files\/2018\/04\/Paran\u00e1-Insurgente.jpg\" alt=\"Paran\u00e1 Insurgente\" width=\"1200\" height=\"384\" \/><\/a><\/div>\n<div>\n<hr \/>\n<\/div>\n<\/div>\n<div><\/div>\n","protected":false},"excerpt":{"rendered":"<p>Lan\u00e7amento do livro, com se\u00e7\u00e3o de aut\u00f3grafos, acontecer\u00e1 dia 04\/05\/2018, na UFPR<\/p>\n","protected":false},"author":86,"featured_media":0,"comment_status":"closed","ping_status":"closed","sticky":false,"template":"","format":"standard","meta":[],"categories":[4,10,57],"tags":[],"_links":{"self":[{"href":"https:\/\/www.ifbaiano.edu.br\/unidades\/santaines\/wp-json\/wp\/v2\/posts\/10117"}],"collection":[{"href":"https:\/\/www.ifbaiano.edu.br\/unidades\/santaines\/wp-json\/wp\/v2\/posts"}],"about":[{"href":"https:\/\/www.ifbaiano.edu.br\/unidades\/santaines\/wp-json\/wp\/v2\/types\/post"}],"author":[{"embeddable":true,"href":"https:\/\/www.ifbaiano.edu.br\/unidades\/santaines\/wp-json\/wp\/v2\/users\/86"}],"replies":[{"embeddable":true,"href":"https:\/\/www.ifbaiano.edu.br\/unidades\/santaines\/wp-json\/wp\/v2\/comments?post=10117"}],"version-history":[{"count":2,"href":"https:\/\/www.ifbaiano.edu.br\/unidades\/santaines\/wp-json\/wp\/v2\/posts\/10117\/revisions"}],"predecessor-version":[{"id":10120,"href":"https:\/\/www.ifbaiano.edu.br\/unidades\/santaines\/wp-json\/wp\/v2\/posts\/10117\/revisions\/10120"}],"wp:attachment":[{"href":"https:\/\/www.ifbaiano.edu.br\/unidades\/santaines\/wp-json\/wp\/v2\/media?parent=10117"}],"wp:term":[{"taxonomy":"category","embeddable":true,"href":"https:\/\/www.ifbaiano.edu.br\/unidades\/santaines\/wp-json\/wp\/v2\/categories?post=10117"},{"taxonomy":"post_tag","embeddable":true,"href":"https:\/\/www.ifbaiano.edu.br\/unidades\/santaines\/wp-json\/wp\/v2\/tags?post=10117"}],"curies":[{"name":"wp","href":"https:\/\/api.w.org\/{rel}","templated":true}]}}