{"id":10126,"date":"2018-04-24T13:13:24","date_gmt":"2018-04-24T16:13:24","guid":{"rendered":"http:\/\/www.ifbaiano.edu.br\/unidades\/santaines\/?p=10126"},"modified":"2018-04-24T13:13:24","modified_gmt":"2018-04-24T16:13:24","slug":"if-baiano-prorroga-inscricoes-para-programas-de-bolsas-de-iniciacao-cientifica","status":"publish","type":"post","link":"https:\/\/www.ifbaiano.edu.br\/unidades\/santaines\/if-baiano-prorroga-inscricoes-para-programas-de-bolsas-de-iniciacao-cientifica\/","title":{"rendered":"IF Baiano prorroga inscri\u00e7\u00f5es para programas de bolsas de inicia\u00e7\u00e3o cient\u00edfica"},"content":{"rendered":"<hr \/>\n<p class=\"western\" style=\"text-align: justify\"><em>Atualizado em 23 de abril de 2018<\/em><\/p>\n<p style=\"text-align: justify\">A Pr\u00f3-Reitoria de Pesquisa e Inova\u00e7\u00e3o (Propes)\u00a0<strong>prorrogou o prazo<\/strong>\u00a0de inscri\u00e7\u00e3o de chamadas para sele\u00e7\u00e3o de projetos de pesquisa para concess\u00e3o de bolsas de inicia\u00e7\u00e3o cient\u00edfica. Interessados devem verificar os requisitos dispostos nos edital e realizar a submiss\u00e3o de\u00a0<strong>propostas at\u00e9 11 de maio de 2018.<\/strong><\/p>\n<p style=\"text-align: justify\">A Propes tamb\u00e9m lan\u00e7ou um\u00a0<a href=\"http:\/\/concurso.ifbaiano.edu.br\/portal\/chamada-interna-04-2018\/\">novo edital<\/a>\u00a0de concess\u00e3o de bolsas, com inscri\u00e7\u00f5es at\u00e9 11 de maio. A quantidade de projetos contemplados depender\u00e1 da cota de bolsas disponibilizada pelo CNPq\/FAPESB ao IF Baiano em 2018. Saiba mais sobre os editais dispon\u00edveis:<\/p>\n<p class=\"western\" style=\"text-align: justify\"><b>Programa Institucional de Bolsas de Inicia\u00e7\u00e3o Cient\u00edfica PIBIC\/CNPq\/IF Baiano e PIBIC-Af\/CNPq\/IF Baiano 2018<\/b><\/p>\n<p class=\"western\" style=\"text-align: justify\">A\u00a0<a href=\"http:\/\/concurso.ifbaiano.edu.br\/portal\/chamada-interna-propes-01-2018\/\">Chamada Propes n\u00b0 01\/2018<\/a>\u00a0est\u00e1 selecionando propostas para apoio financeiro que visem contribuir significativamente para o desenvolvimento cient\u00edfico, tecnol\u00f3gico e inova\u00e7\u00e3o no IF Baiano. As bolsas ter\u00e3o 12 meses de dura\u00e7\u00e3o, com in\u00edcio em agosto de 2018. Podem concorrer \u00e0s bolsas,\u00a0<strong>discentes matriculados em cursos de gradua\u00e7\u00e3o<\/strong>do IF Baiano. O proponente (orientador do trabalho) tamb\u00e9m deve atender requisitos, como ser servidor efetivo da institui\u00e7\u00e3o e possuir titula\u00e7\u00e3o de doutor.<\/p>\n<h3 class=\"western\" style=\"text-align: justify\"><b>Programa Institucional de Bolsas de Inicia\u00e7\u00e3o Cient\u00edfica PIBIC \u2013 Ensino M\u00e9dio\/CNPq\/IF Baiano 2018<\/b><\/h3>\n<p class=\"western\" style=\"text-align: justify\">Podem ser submetidas \u00e0\u00a0<a href=\"http:\/\/concurso.ifbaiano.edu.br\/portal\/chamada-interna-propes-02-2018\/\">Chamada Propes 02\/2018<\/a>,\u00a0propostas de projetos institucionais vinculados a bolsistas de Inicia\u00e7\u00e3o Cient\u00edfica Junior (ICJ) que visem despertar voca\u00e7\u00e3o cient\u00edfica e incentivar talentos potenciais entre estudantes do ensino m\u00e9dio do IF Baiano.\u00a0 O candidato a bolsista deve ser\u00a0<strong>estudante de curso de ensino m\u00e9dio, integrado ou subsequente<\/strong>. Para o proponente (orientador do projeto) \u00e9 exigida a titula\u00e7\u00e3o m\u00ednima de mestre, com expressiva produ\u00e7\u00e3o cient\u00edfica e tecnol\u00f3gica.<\/p>\n<h3 class=\"western\" style=\"text-align: justify\"><b>Programa Institucional de Bolsas de Inicia\u00e7\u00e3o em Desenvolvimento Tecnol\u00f3gico e Inova\u00e7\u00e3o \u2013 PIBITI\/CNPq\/IF Baiano 2018<\/b><\/h3>\n<p class=\"western\" style=\"text-align: justify\">A\u00a0<a href=\"http:\/\/concurso.ifbaiano.edu.br\/portal\/chamada-interna-propes-03-2018\/\">Chamada Propes n\u00b003\/2018<\/a>\u00a0seleciona propostas que devem ter como resultado o dep\u00f3sito de uma patente, ou registro e aplicativo computacional, ou registro de um desenho industrial ou registro de cultivares. A quantidade de projetos contemplados depender\u00e1 da cota de bolsas disponibilizada pelo CNPq ao IF Baiano em 2018. Podem concorrer \u00e0s bolsas ofertadas nesta chamada,\u00a0<strong>discentes matriculados em cursos de gradua\u00e7\u00e3o<\/strong>\u00a0do IF Baiano. O proponente (orientador do trabalho) tamb\u00e9m deve atender requisitos, como ser servidor efetivo da institui\u00e7\u00e3o e possuir titula\u00e7\u00e3o de doutor.<\/p>\n<h3 class=\"western\" style=\"text-align: justify\"><strong><b>[NOVO] Programa institucional de bolsas de Inicia\u00e7\u00e3o Cient\u00edfica PIBIC\/FAPESB\/IF Baiano 2018<\/b><\/strong><\/h3>\n<p class=\"western\" style=\"text-align: justify\">A\u00a0<a href=\"http:\/\/concurso.ifbaiano.edu.br\/portal\/chamada-interna-04-2018\/wp-content\/uploads\/sites\/150\/2018\/04\/Edital-Chamada-interna-PROPES-n%C2%BA-04-de-2018.pdf\">Chamada Propes n\u00b004\/2018<\/a>\u00a0tem o objetivo de despertar a voca\u00e7\u00e3o cient\u00edfica e incentivar talentos potenciais entre\u00a0<strong>estudantes de gradua\u00e7\u00e3o<\/strong>, mediante a participa\u00e7\u00e3o em projetos de pesquisa orientados por pesquisadores atuantes e qualificados com titula\u00e7\u00e3o m\u00ednima de Mestre e com v\u00ednculo empregat\u00edcio com carga hor\u00e1ria m\u00ednima de 40 (quarenta) horas ou dedica\u00e7\u00e3o exclusiva.<\/p>\n<p class=\"western\" style=\"text-align: justify\">\u2014<\/p>\n<p class=\"western\" style=\"text-align: justify\">Para obter mais informa\u00e7\u00f5es, os interessados podem entrar em contato com a Pr\u00f3-Reitoria de Pesquisa e Inova\u00e7\u00e3o, pelo telefone: (71) 3186-0028 ou pelo e-mail pepropes@ifbaiano.edu.br<\/p>\n<hr \/>\n<p>Not\u00edcia na \u00edntegra: http:\/\/ifbaiano.edu.br\/portal\/blog\/2018\/03\/21\/if-baiano-divulga-chamadas-para-concessao-de-bolsas-de-iniciacao-cientifica\/<\/p>\n","protected":false},"excerpt":{"rendered":"<p>Tamb\u00e9m dispon\u00edvel nova chamada de bolsas, em parceria com a FAPESB.<\/p>\n","protected":false},"author":86,"featured_media":0,"comment_status":"closed","ping_status":"closed","sticky":false,"template":"","format":"standard","meta":[],"categories":[4,38,10,57],"tags":[],"_links":{"self":[{"href":"https:\/\/www.ifbaiano.edu.br\/unidades\/santaines\/wp-json\/wp\/v2\/posts\/10126"}],"collection":[{"href":"https:\/\/www.ifbaiano.edu.br\/unidades\/santaines\/wp-json\/wp\/v2\/posts"}],"about":[{"href":"https:\/\/www.ifbaiano.edu.br\/unidades\/santaines\/wp-json\/wp\/v2\/types\/post"}],"author":[{"embeddable":true,"href":"https:\/\/www.ifbaiano.edu.br\/unidades\/santaines\/wp-json\/wp\/v2\/users\/86"}],"replies":[{"embeddable":true,"href":"https:\/\/www.ifbaiano.edu.br\/unidades\/santaines\/wp-json\/wp\/v2\/comments?post=10126"}],"version-history":[{"count":2,"href":"https:\/\/www.ifbaiano.edu.br\/unidades\/santaines\/wp-json\/wp\/v2\/posts\/10126\/revisions"}],"predecessor-version":[{"id":10128,"href":"https:\/\/www.ifbaiano.edu.br\/unidades\/santaines\/wp-json\/wp\/v2\/posts\/10126\/revisions\/10128"}],"wp:attachment":[{"href":"https:\/\/www.ifbaiano.edu.br\/unidades\/santaines\/wp-json\/wp\/v2\/media?parent=10126"}],"wp:term":[{"taxonomy":"category","embeddable":true,"href":"https:\/\/www.ifbaiano.edu.br\/unidades\/santaines\/wp-json\/wp\/v2\/categories?post=10126"},{"taxonomy":"post_tag","embeddable":true,"href":"https:\/\/www.ifbaiano.edu.br\/unidades\/santaines\/wp-json\/wp\/v2\/tags?post=10126"}],"curies":[{"name":"wp","href":"https:\/\/api.w.org\/{rel}","templated":true}]}}