{"id":10134,"date":"2018-04-25T12:50:45","date_gmt":"2018-04-25T15:50:45","guid":{"rendered":"http:\/\/www.ifbaiano.edu.br\/unidades\/santaines\/?p=10134"},"modified":"2018-04-25T17:19:57","modified_gmt":"2018-04-25T20:19:57","slug":"chamada-publica-no-012018-processo-de-dispensa-de-licitacao-para-generos-alimenticios","status":"publish","type":"post","link":"https:\/\/www.ifbaiano.edu.br\/unidades\/santaines\/chamada-publica-no-012018-processo-de-dispensa-de-licitacao-para-generos-alimenticios\/","title":{"rendered":"Chamada P\u00fablica N\u00ba 01\/2018 \u2013 Processo de Dispensa de Licita\u00e7\u00e3o para G\u00eaneros Aliment\u00edcios"},"content":{"rendered":"<hr \/>\n<p>O IF Baiano \u2013 Campus Santa In\u00eas , torna p\u00fablico, para conhecimento dos interessados, que realizar\u00e1 Chamada P\u00fablica para aquisi\u00e7\u00e3o de g\u00eaneros aliment\u00edcios da Agricultura Familiar para atendimento ao Programa de aquisi\u00e7\u00e3o de alimentos \u2013 PAA, conforme condi\u00e7\u00f5es estabelecidas no\u00a0edital e em seus anexos disponibilizados.<a href=\"http:\/\/www.ifbaiano.edu.br\/unidades\/santaines\/files\/2018\/04\/Chamada-P\u00fablica-2018.jpg\"><img decoding=\"async\" loading=\"lazy\" class=\"alignnone size-full wp-image-10138\" src=\"http:\/\/www.ifbaiano.edu.br\/unidades\/santaines\/files\/2018\/04\/Chamada-P\u00fablica-2018.jpg\" alt=\"Chamada P\u00fablica 2018\" width=\"1348\" height=\"938\" \/><\/a><\/p>\n<p>Endere\u00e7o da Sess\u00e3o P\u00fablica:\u00a0Sala de Reuni\u00f5es do IF Baiano \u2013 Campus Santa In\u00eas, localizada Km 2,5 \u2013 BR 420 \u2013 Rodovia Santa In\u00eas x Uba\u00edra \u2013 Santa In\u00eas \u2013 Bahia.<\/p>\n<hr \/>\n<p>Para maiores informa\u00e7\u00f5es sobre o Processo de Dispensa de Licita\u00e7\u00e3o para G\u00eaneros Aliment\u00edcios,\u00a0<strong> <a href=\"http:\/\/www.ifbaiano.edu.br\/unidades\/santaines\/modalidade-dispensa-de-licitacao2018\/\">ACESSE AQUI<\/a><\/strong><\/p>\n<hr \/>\n<p>&nbsp;<\/p>\n","protected":false},"excerpt":{"rendered":"<p>A Chamada P\u00fablica ser\u00e1 divulgada de 25\/04\/2018 a 21\/05\/2018.<\/p>\n","protected":false},"author":86,"featured_media":0,"comment_status":"closed","ping_status":"closed","sticky":false,"template":"","format":"standard","meta":[],"categories":[4,5,10,57],"tags":[],"_links":{"self":[{"href":"https:\/\/www.ifbaiano.edu.br\/unidades\/santaines\/wp-json\/wp\/v2\/posts\/10134"}],"collection":[{"href":"https:\/\/www.ifbaiano.edu.br\/unidades\/santaines\/wp-json\/wp\/v2\/posts"}],"about":[{"href":"https:\/\/www.ifbaiano.edu.br\/unidades\/santaines\/wp-json\/wp\/v2\/types\/post"}],"author":[{"embeddable":true,"href":"https:\/\/www.ifbaiano.edu.br\/unidades\/santaines\/wp-json\/wp\/v2\/users\/86"}],"replies":[{"embeddable":true,"href":"https:\/\/www.ifbaiano.edu.br\/unidades\/santaines\/wp-json\/wp\/v2\/comments?post=10134"}],"version-history":[{"count":5,"href":"https:\/\/www.ifbaiano.edu.br\/unidades\/santaines\/wp-json\/wp\/v2\/posts\/10134\/revisions"}],"predecessor-version":[{"id":10141,"href":"https:\/\/www.ifbaiano.edu.br\/unidades\/santaines\/wp-json\/wp\/v2\/posts\/10134\/revisions\/10141"}],"wp:attachment":[{"href":"https:\/\/www.ifbaiano.edu.br\/unidades\/santaines\/wp-json\/wp\/v2\/media?parent=10134"}],"wp:term":[{"taxonomy":"category","embeddable":true,"href":"https:\/\/www.ifbaiano.edu.br\/unidades\/santaines\/wp-json\/wp\/v2\/categories?post=10134"},{"taxonomy":"post_tag","embeddable":true,"href":"https:\/\/www.ifbaiano.edu.br\/unidades\/santaines\/wp-json\/wp\/v2\/tags?post=10134"}],"curies":[{"name":"wp","href":"https:\/\/api.w.org\/{rel}","templated":true}]}}