{"id":10143,"date":"2018-05-25T20:57:43","date_gmt":"2018-05-25T23:57:43","guid":{"rendered":"http:\/\/www.ifbaiano.edu.br\/unidades\/santaines\/?p=10143"},"modified":"2018-05-25T20:59:26","modified_gmt":"2018-05-25T23:59:26","slug":"ii-semana-de-geografia-do-if-baiano-campus-santa-ines","status":"publish","type":"post","link":"https:\/\/www.ifbaiano.edu.br\/unidades\/santaines\/ii-semana-de-geografia-do-if-baiano-campus-santa-ines\/","title":{"rendered":"ADIADA II SEMANA DE GEOGRAFIA DO IF BAIANO CAMPUS SANTA IN\u00caS"},"content":{"rendered":"<hr \/>\n<h1><a href=\"http:\/\/www.ifbaiano.edu.br\/unidades\/santaines\/files\/2018\/05\/geografia.jpg\"><img decoding=\"async\" loading=\"lazy\" class=\"alignnone size-full wp-image-10343\" src=\"http:\/\/www.ifbaiano.edu.br\/unidades\/santaines\/files\/2018\/05\/geografia.jpg\" alt=\"geografia\" width=\"1040\" height=\"720\" \/><\/a><\/h1>\n<div style=\"text-align: justify\">\u00c9 com muito pesar que Comiss\u00e3o Organizadora da II Semana de Geografia do IF Baiano, que aconteceria nos dias 28, 29 e 30 de maio de 2018, vem divulgar o adiamento do evento em virtude da interdi\u00e7\u00e3o de vias para o tr\u00e2nsito de ve\u00edculos.<\/div>\n<div style=\"text-align: justify\"><\/div>\n<div style=\"text-align: justify\">Assim que poss\u00edvel, divulgaremos nova data.<\/div>\n<div style=\"text-align: justify\"><\/div>\n<div style=\"text-align: justify\">Agradecemos a todos que ajudaram na constru\u00e7\u00e3o do evento.<\/div>\n<div style=\"text-align: justify\"><\/div>\n<div style=\"text-align: justify\">Comiss\u00e3o Organizadora<\/div>\n<hr \/>\n<h1><strong>Clique na imagem para ver a Programa\u00e7\u00e3o<\/strong><\/h1>\n<h1><a href=\"http:\/\/www.ifbaiano.edu.br\/unidades\/santaines\/files\/2018\/05\/Programa\u00e7\u00e3o-II-Semana-Geografia.pdf\"><img decoding=\"async\" loading=\"lazy\" class=\"alignnone wp-image-10295\" title=\"Clique e veja a Programa\u00e7\u00e3o\" src=\"http:\/\/www.ifbaiano.edu.br\/unidades\/santaines\/files\/2018\/04\/II-Semana-de-Geografia_-1.jpg\" alt=\"II Semana de Geografia_\" width=\"854\" height=\"281\" \/><\/a><\/h1>\n<hr \/>\n<p style=\"text-align: justify\" align=\"center\"><span style=\"font-family: Arial, serif\"><span style=\"font-size: medium\">A Semana de Geografia do IF Baiano <\/span><\/span><span style=\"font-family: Arial, serif\"><span style=\"font-size: medium\"><i>Campus <\/i><\/span><\/span><span style=\"font-family: Arial, serif\"><span style=\"font-size: medium\">Santa In\u00eas \u00e9 um espa\u00e7o de discuss\u00e3o e aperfei\u00e7oamento para a forma\u00e7\u00e3o acad\u00eamica dos estudantes da Licenciatura desta institui\u00e7\u00e3o. Sua primeira edi\u00e7\u00e3o, foi no ano de 2015, com o tema <\/span><\/span><span style=\"font-family: Arial, serif\"><span style=\"font-size: medium\"><b>\u201cProfessores de Geografia: seres pensantes, instigantes e atuantes\u201d.<\/b><\/span><\/span><\/p>\n<p style=\"text-align: justify\" align=\"center\"><a href=\"http:\/\/www.ifbaiano.edu.br\/unidades\/santaines\/files\/2018\/04\/Semana-Geografia.jpg\"><img decoding=\"async\" loading=\"lazy\" class=\"alignnone wp-image-10296\" src=\"http:\/\/www.ifbaiano.edu.br\/unidades\/santaines\/files\/2018\/04\/Semana-Geografia.jpg\" alt=\"Semana Geografia\" width=\"828\" height=\"633\" \/><\/a><\/p>\n<p style=\"text-align: justify\" align=\"justify\"><span style=\"font-family: Arial, serif\"><span style=\"font-size: medium\">Em 2018, preparamos a segunda edi\u00e7\u00e3o desse evento numa conjuntura marcada pela necessidade de repensar a forma\u00e7\u00e3o do Professor de Geografia, especialmente por conta do cen\u00e1rio atual de perdas de direitos e da publica\u00e7\u00e3o da Medida Provis\u00f3ria n\u00b0. 746 de 22\/09\/2016 que desobriga a oferta da disciplina Geografia, assim como Hist\u00f3ria, no Ensino M\u00e9dio. <\/span><\/span><\/p>\n<p style=\"text-align: justify\" align=\"justify\"><span style=\"font-family: Arial, serif\"><span style=\"font-size: medium\">Esse contexto, nos leva a discutir a nossa pr\u00e1tica docente e a import\u00e2ncia da Geografia como instrumento de forma\u00e7\u00e3o para a cidadania, principalmente enquanto componente curricular que problematiza a forma\u00e7\u00e3o socioespacial, a produ\u00e7\u00e3o\/reprodu\u00e7\u00e3o do espa\u00e7o e as investidas do capital financeiro nacional\/internacional em sua \u00e2nsia por transformar tudo em mercadoria, inclusive a educa\u00e7\u00e3o. <\/span><\/span><\/p>\n<p style=\"text-align: justify\" align=\"justify\"><span style=\"font-family: Arial, serif\"><span style=\"font-size: medium\">Diante de tudo isso, a II Semana de Geografia do IF Baiano Campus Santa In\u00eas tem como tema <\/span><\/span><span style=\"font-family: Arial, serif\"><span style=\"font-size: medium\"><b>\u201cA forma\u00e7\u00e3o dos professores de Geografia na atual conjuntura\u201d\u00a0<\/b><\/span><\/span><span style=\"font-family: Arial, serif\"><span style=\"font-size: medium\">que acontecer\u00e1 nos dias 28, 29 e 30 de maio de 2018.<\/span><\/span><\/p>\n<hr \/>\n<div><a href=\"http:\/\/www.ifbaiano.edu.br\/unidades\/santaines\/files\/2018\/04\/Normas-de-submiss\u00e3o-e-Modelo-de-resumo-_-II-Semana-de-Geografia.pdf\"><strong>CONHE\u00c7A AS NORMAS DE SUBMISS\u00c3O DE RESUMOS PARA II SEMANA DE GEOGRAFIA DO IF BAIANO CAMPUS SANTA IN\u00caS<\/strong><\/a><\/div>\n<div>\n<hr \/>\n<\/div>\n<p style=\"text-align: justify\"><span style=\"font-family: Arial, serif\"><span style=\"font-size: medium\"><b>EIXOS TEM\u00c1TICOS PARA SUBMISS\u00c3O DE TRABALHO<\/b><\/span><\/span><\/p>\n<p><span style=\"font-family: Arial, serif\"><span style=\"font-size: medium\">Os trabalhos aprovados na II Semana de Geografia poder\u00e3o ser apresentados na forma de relato de experi\u00eancia e comunica\u00e7\u00e3o oral.<\/span><\/span><\/p>\n<p style=\"text-align: justify\"><span style=\"font-family: Arial, serif\"><span style=\"font-size: medium\"><b>EIXOS TEM\u00c1TICOS:<\/b><\/span><\/span><\/p>\n<ul style=\"text-align: justify\">\n<li><span style=\"font-family: Arial, serif\"><span style=\"font-size: medium\">Geografia e Educa\u00e7\u00e3o<\/span><\/span><\/li>\n<li><span style=\"font-family: Arial, serif\"><span style=\"font-size: medium\">Geografia Agr\u00e1ria<\/span><\/span><\/li>\n<li><span style=\"font-family: Arial, serif\"><span style=\"font-size: medium\">Geografia Pol\u00edtica e Geografia Econ\u00f4mica<\/span><\/span><\/li>\n<li><span style=\"font-family: Arial, serif\"><span style=\"font-size: medium\">Geografia, Ra\u00e7a, G\u00eanero e Sexualidades<\/span><\/span><\/li>\n<li><span style=\"font-family: Arial, serif\"><span style=\"font-size: medium\">Geografia Urbana<\/span><\/span><\/li>\n<\/ul>\n<hr \/>\n<p style=\"text-align: justify\">\n","protected":false},"excerpt":{"rendered":"<p>Tema: \u201cA forma\u00e7\u00e3o dos professores de Geografia na atual conjuntura\u201d<\/p>\n","protected":false},"author":86,"featured_media":0,"comment_status":"closed","ping_status":"closed","sticky":false,"template":"","format":"standard","meta":[],"categories":[4,20,37,10,57],"tags":[],"_links":{"self":[{"href":"https:\/\/www.ifbaiano.edu.br\/unidades\/santaines\/wp-json\/wp\/v2\/posts\/10143"}],"collection":[{"href":"https:\/\/www.ifbaiano.edu.br\/unidades\/santaines\/wp-json\/wp\/v2\/posts"}],"about":[{"href":"https:\/\/www.ifbaiano.edu.br\/unidades\/santaines\/wp-json\/wp\/v2\/types\/post"}],"author":[{"embeddable":true,"href":"https:\/\/www.ifbaiano.edu.br\/unidades\/santaines\/wp-json\/wp\/v2\/users\/86"}],"replies":[{"embeddable":true,"href":"https:\/\/www.ifbaiano.edu.br\/unidades\/santaines\/wp-json\/wp\/v2\/comments?post=10143"}],"version-history":[{"count":11,"href":"https:\/\/www.ifbaiano.edu.br\/unidades\/santaines\/wp-json\/wp\/v2\/posts\/10143\/revisions"}],"predecessor-version":[{"id":10345,"href":"https:\/\/www.ifbaiano.edu.br\/unidades\/santaines\/wp-json\/wp\/v2\/posts\/10143\/revisions\/10345"}],"wp:attachment":[{"href":"https:\/\/www.ifbaiano.edu.br\/unidades\/santaines\/wp-json\/wp\/v2\/media?parent=10143"}],"wp:term":[{"taxonomy":"category","embeddable":true,"href":"https:\/\/www.ifbaiano.edu.br\/unidades\/santaines\/wp-json\/wp\/v2\/categories?post=10143"},{"taxonomy":"post_tag","embeddable":true,"href":"https:\/\/www.ifbaiano.edu.br\/unidades\/santaines\/wp-json\/wp\/v2\/tags?post=10143"}],"curies":[{"name":"wp","href":"https:\/\/api.w.org\/{rel}","templated":true}]}}