{"id":10168,"date":"2018-05-02T16:54:11","date_gmt":"2018-05-02T19:54:11","guid":{"rendered":"http:\/\/www.ifbaiano.edu.br\/unidades\/santaines\/?p=10168"},"modified":"2018-05-02T16:54:11","modified_gmt":"2018-05-02T19:54:11","slug":"if-baiano-campus-santa-ines-esteve-presente-no-encontro-interterritorial-de-agroecologia","status":"publish","type":"post","link":"https:\/\/www.ifbaiano.edu.br\/unidades\/santaines\/if-baiano-campus-santa-ines-esteve-presente-no-encontro-interterritorial-de-agroecologia\/","title":{"rendered":"IF Baiano Campus Santa In\u00eas esteve presente no Encontro Interterritorial de Agroecologia"},"content":{"rendered":"<hr \/>\n<p style=\"text-align: justify\" align=\"center\"><span style=\"font-size: medium\"><a href=\"http:\/\/www.ifbaiano.edu.br\/unidades\/santaines\/files\/2018\/05\/DSC03224.jpg\"><img decoding=\"async\" loading=\"lazy\" class=\"alignnone  wp-image-10169\" src=\"http:\/\/www.ifbaiano.edu.br\/unidades\/santaines\/files\/2018\/05\/DSC03224.jpg\" alt=\"DSC03224\" width=\"394\" height=\"303\" \/><\/a>O Encontro Interterritorial de Agroecologia \u00e9 uma etapa<\/span><b> <\/b><span style=\"font-size: medium\">preparat\u00f3ria para o IV ENA &#8211; Encontro Nacional de Agr<\/span><span style=\"font-size: medium\">oecologia, que <\/span><span style=\"font-size: medium\">acontecer\u00e1<\/span><span style=\"font-size: medium\"> de 31\/05 a 03\/06\/2018, em Belo Horizonte (MG), sob o lema &#8220;Agroecologia e Democracia Unindo Campo e Cidade&#8221;.<\/span><\/p>\n<p style=\"text-align: justify\" align=\"center\"><span style=\"font-size: medium\">O encontro dos Territ\u00f3rios do Vale do Jiquiri\u00e7\u00e1, Baixo Sul e Litoral Sul, aconteceu no IF Baiano Campus Valen\u00e7a, nos dias 25 e 26 abril, organizado pela FASE\/SASOP, reunindo agricultores(as) familiares, camponeses(as), povos e comunidades tradicionais, coletivos da agricultura urbana, entidades prestadoras de ATER, redes e movimentos sociais.<\/span><\/p>\n<p style=\"text-align: justify\" align=\"center\"><span style=\"font-size: medium\"> Dentre os diversos temas abordados (terra e territ\u00f3rio, juventude, constru\u00e7\u00e3o social de mercado, educa\u00e7\u00e3o do campo, soberania alimentar), a professora do IF Baiano Campus Santa In\u00eas, Rita Garcia \u2013 Coordenadora do Projeto de Extens\u00e3o Articula\u00e7\u00e3o de Mulheres do Vale do Jiquiri\u00e7\u00e1, p<\/span><span style=\"font-size: medium\">articipou falando do tema mobilizador &#8220;Mulheres e Agroecologia&#8221; juntamente com membros do Projeto de Extens\u00e3o, Aila Cristina Costa e T\u00e2nia Santos, estudantes do Curso de Licenciatura em Geografia do IF Baiano Campus Santa In\u00eas e, tamb\u00e9m, a participante do Projeto, Raimunda Santos, assentada de cr\u00e9dito fundi\u00e1rio do munic\u00edpio de Uba\u00edra. <\/span><\/p>\n<p style=\"text-align: justify\" align=\"center\"><span style=\"font-size: medium\">Segundo a professora Rita Garcia &#8220;A participa\u00e7\u00e3o nos eventos de Agroecologia, no atual contexto do pa\u00eds, representa um ato de resist\u00eancia, de luta e de cren\u00e7a noutro modelo de produ\u00e7\u00e3o e consumo&#8221;.<\/span><\/p>\n<hr \/>\n<p style=\"text-align: justify\" align=\"center\"><strong><a href=\"http:\/\/enagroecologia.org.br\/contexto\/\">CLIQUE AQUI<\/a><\/strong> para mais informa\u00e7\u00f5es do ENA.<\/p>\n<hr \/>\n<p style=\"text-align: justify\" align=\"center\"><a href=\"http:\/\/www.ifbaiano.edu.br\/unidades\/santaines\/files\/2018\/05\/DSC03260.jpg\"><img decoding=\"async\" loading=\"lazy\" class=\"alignnone  wp-image-10178\" src=\"http:\/\/www.ifbaiano.edu.br\/unidades\/santaines\/files\/2018\/05\/DSC03260.jpg\" alt=\"DSC03260\" width=\"180\" height=\"135\" \/><\/a><a href=\"http:\/\/www.ifbaiano.edu.br\/unidades\/santaines\/files\/2018\/05\/DSC03251.jpg\"><img decoding=\"async\" loading=\"lazy\" class=\"alignnone  wp-image-10175\" src=\"http:\/\/www.ifbaiano.edu.br\/unidades\/santaines\/files\/2018\/05\/DSC03251.jpg\" alt=\"DSC03251\" width=\"180\" height=\"135\" \/><\/a><a href=\"http:\/\/www.ifbaiano.edu.br\/unidades\/santaines\/files\/2018\/05\/DSC03272.jpg\"><img decoding=\"async\" loading=\"lazy\" class=\"alignnone  wp-image-10182\" src=\"http:\/\/www.ifbaiano.edu.br\/unidades\/santaines\/files\/2018\/05\/DSC03272.jpg\" alt=\"DSC03272\" width=\"180\" height=\"135\" \/><\/a><a href=\"http:\/\/www.ifbaiano.edu.br\/unidades\/santaines\/files\/2018\/05\/DSC03277.jpg\"><img decoding=\"async\" loading=\"lazy\" class=\"alignnone  wp-image-10186\" src=\"http:\/\/www.ifbaiano.edu.br\/unidades\/santaines\/files\/2018\/05\/DSC03277.jpg\" alt=\"DSC03277\" width=\"180\" height=\"135\" \/><\/a><\/p>\n<hr \/>\n<p style=\"text-align: justify\" align=\"center\">\n","protected":false},"excerpt":{"rendered":"<p>O encontro dos Territ\u00f3rios do Vale do Jiquiri\u00e7\u00e1, Baixo Sul e Litoral Sul aconteceu no IF Baiano Campus Valen\u00e7a<\/p>\n","protected":false},"author":86,"featured_media":0,"comment_status":"closed","ping_status":"closed","sticky":false,"template":"","format":"standard","meta":[],"categories":[4,37,10,57],"tags":[],"_links":{"self":[{"href":"https:\/\/www.ifbaiano.edu.br\/unidades\/santaines\/wp-json\/wp\/v2\/posts\/10168"}],"collection":[{"href":"https:\/\/www.ifbaiano.edu.br\/unidades\/santaines\/wp-json\/wp\/v2\/posts"}],"about":[{"href":"https:\/\/www.ifbaiano.edu.br\/unidades\/santaines\/wp-json\/wp\/v2\/types\/post"}],"author":[{"embeddable":true,"href":"https:\/\/www.ifbaiano.edu.br\/unidades\/santaines\/wp-json\/wp\/v2\/users\/86"}],"replies":[{"embeddable":true,"href":"https:\/\/www.ifbaiano.edu.br\/unidades\/santaines\/wp-json\/wp\/v2\/comments?post=10168"}],"version-history":[{"count":11,"href":"https:\/\/www.ifbaiano.edu.br\/unidades\/santaines\/wp-json\/wp\/v2\/posts\/10168\/revisions"}],"predecessor-version":[{"id":10198,"href":"https:\/\/www.ifbaiano.edu.br\/unidades\/santaines\/wp-json\/wp\/v2\/posts\/10168\/revisions\/10198"}],"wp:attachment":[{"href":"https:\/\/www.ifbaiano.edu.br\/unidades\/santaines\/wp-json\/wp\/v2\/media?parent=10168"}],"wp:term":[{"taxonomy":"category","embeddable":true,"href":"https:\/\/www.ifbaiano.edu.br\/unidades\/santaines\/wp-json\/wp\/v2\/categories?post=10168"},{"taxonomy":"post_tag","embeddable":true,"href":"https:\/\/www.ifbaiano.edu.br\/unidades\/santaines\/wp-json\/wp\/v2\/tags?post=10168"}],"curies":[{"name":"wp","href":"https:\/\/api.w.org\/{rel}","templated":true}]}}