{"id":10211,"date":"2018-05-07T09:14:41","date_gmt":"2018-05-07T12:14:41","guid":{"rendered":"http:\/\/www.ifbaiano.edu.br\/unidades\/santaines\/?p=10211"},"modified":"2018-05-11T09:28:40","modified_gmt":"2018-05-11T12:28:40","slug":"publicado-edital-de-renovacao-de-matricula-para-os-estudantes-dos-cursos-superiores-do-if-baiano-campus-santa-ines","status":"publish","type":"post","link":"https:\/\/www.ifbaiano.edu.br\/unidades\/santaines\/publicado-edital-de-renovacao-de-matricula-para-os-estudantes-dos-cursos-superiores-do-if-baiano-campus-santa-ines\/","title":{"rendered":"Publicado EDITAL de renova\u00e7\u00e3o de Matr\u00edcula para os Estudantes dos Cursos Superiores do IF Baiano Campus Santa In\u00eas"},"content":{"rendered":"<div style=\"text-align: justify\">\n<hr \/>\n<p align=\"justify\"><span style=\"color: #333333\"><span style=\"font-family: Arial, sans-serif\"><span style=\"font-size: medium\">Os estudantes dos Cursos de Licenciatura em Ci\u00eancias Biol\u00f3gicas, Licenciatura em Geografia e Bacharelado em Zootecnia est\u00e3o\u00a0convocados\u00a0para a realiza\u00e7\u00e3o de Renova\u00e7\u00e3o de Matr\u00edcula no Instituto Federal de Educa\u00e7\u00e3o, Ci\u00eancia e Tecnologia Baiano Campus Santa In\u00eas referente ao Semestre Letivo 2018.1.<\/span><\/span><\/span><\/p>\n<p align=\"justify\"><span style=\"color: #333333\"><span style=\"font-family: Arial, sans-serif\"><span style=\"font-size: medium\">A Renova\u00e7\u00e3o de Matr\u00edcula dos Estudantes ser\u00e1 realizada obedecendo todas as normas e procedimentos constantes no Cap\u00edtulo V da Organiza\u00e7\u00e3o Did\u00e1tica dos Cursos de Educa\u00e7\u00e3o Superior do Instituto Federal de Educa\u00e7\u00e3o, Ci\u00eancia e Tecnologia Baiano, aprovada pela\u00a0<a href=\"http:\/\/www.ifbaiano.edu.br\/unidades\/lapa\/files\/2015\/11\/cursos-superiores-organizacao.pdf\">Resolu\u00e7\u00e3o n\u00ba 18 de 31 de outubro de 2012<\/a>.<\/span><\/span><\/span><\/p>\n<p align=\"justify\"><span style=\"color: #333333\"><span style=\"font-family: Arial, sans-serif\"><span style=\"font-size: medium\">O per\u00edodo de Renova\u00e7\u00e3o de Matr\u00edcula referente ao Semestre Letivo 2018.1 \u00e9 de 18 a 22\/06\/2018.<\/span><\/span><\/span><\/p>\n<p align=\"justify\"><span style=\"color: #333333\"><span style=\"font-family: Arial, sans-serif\"><span style=\"font-size: medium\">Nos dias 12, 13 e 16\/07\/2018 ser\u00e1 realizada matr\u00edcula Especial (para portador de diploma de curso de gradua\u00e7\u00e3o e p\u00f3s-gradua\u00e7\u00e3o lato e stricto sensu, desde que apresente o diploma obtido em curso de \u00e1rea afim, ou estudante de gradua\u00e7\u00e3o, desde que comprove matr\u00edcula em curso superior em outra Institui\u00e7\u00e3o de Ensino).<\/span><\/span><\/span><\/p>\n<p align=\"justify\"><span style=\"color: #333333\"><span style=\"font-family: Arial, sans-serif\"><span style=\"font-size: medium\">A Renova\u00e7\u00e3o de Matr\u00edcula para o Semestre 2018.1 ser\u00e1\u00a0<\/span><\/span><\/span><em><span style=\"color: #333333\"><span style=\"font-family: Arial, sans-serif\"><span style=\"font-size: medium\">online<\/span><\/span><\/span><\/em><span style=\"color: #333333\"><span style=\"font-family: Arial, sans-serif\"><span style=\"font-size: medium\">\u00a0e dever\u00e1 ser realizada via\u00a0internet, no sistema\u00a0<a href=\"https:\/\/sig.ifbaiano.edu.br\/sigaa\/verTelaLogin.do;jsessionid=C85819069A5BB6EDDF69E6F9350435F8.cooperacao\">SIGA A<\/a>, Portal do Discente.<\/span><\/span><\/span><\/p>\n<p align=\"justify\"><span style=\"color: #333333\"><span style=\"font-family: Arial, sans-serif\"><span style=\"font-size: medium\">A\u00a0Renova\u00e7\u00e3o\u00a0de\u00a0Matr\u00edcula\u00a0n\u00e3o\u00a0vincula\u00a0definitivamente\u00a0o\u00a0Estudante\u00a0\u00e0 disciplina, pois existe ainda o Processamento de Matr\u00edcula que considerar\u00e1 o n\u00famero de vagas ofertadas, cursos para o qual a disciplina \u00e9 oferecida, pr\u00e9-requisito e prioridades do curr\u00edculo.<\/span><\/span><\/span><\/p>\n<p align=\"justify\"><span style=\"color: #333333\"><span style=\"font-family: Arial, sans-serif\"><span style=\"font-size: medium\">O preenchimento de vagas em cada disciplina considerar\u00e1 o limite m\u00e1ximo de 40 (quarenta)\u00a0vagas.<\/span><\/span><\/span><\/p>\n<\/div>\n<div style=\"text-align: justify\"><\/div>\n<div style=\"text-align: justify\"><\/div>\n<div>\n<div>\n<div style=\"text-align: justify\">\n<div>\n<div id=\"pageContainer1\" class=\"page\">\n<div class=\"textLayer\">\n<div><a href=\"http:\/\/www.ifbaiano.edu.br\/unidades\/santaines\/files\/2018\/05\/EDITAL-DE-MATR\u00cdCULA-DOS-CURSOS-DE-GRADUA\u00c7\u00c3O-2018.1.pdf\"><strong>Clique aqui para acessar o EDITAL e ter acesso a todas as informa\u00e7\u00f5es, inclusive cronograma.<\/strong><\/a><\/div>\n<div>\n<hr \/>\n<\/div>\n<div><\/div>\n<\/div>\n<\/div>\n<p><a name=\"2\"><\/a><\/p>\n<div id=\"pageContainer2\" class=\"page\"><\/div>\n<\/div>\n<\/div>\n<\/div>\n<\/div>\n","protected":false},"excerpt":{"rendered":"<p>O per\u00edodo de Renova\u00e7\u00e3o de Matr\u00edcula referente ao Semestre Letivo 2018.1 \u00e9 de 18 a 22\/06\/2018.<br \/>\nNos dias 12, 13 e 16\/07\/2018 ser\u00e1 realizada matr\u00edcula Especial<\/p>\n","protected":false},"author":86,"featured_media":0,"comment_status":"closed","ping_status":"closed","sticky":false,"template":"","format":"standard","meta":[],"categories":[4,12,5,6,10,57],"tags":[],"_links":{"self":[{"href":"https:\/\/www.ifbaiano.edu.br\/unidades\/santaines\/wp-json\/wp\/v2\/posts\/10211"}],"collection":[{"href":"https:\/\/www.ifbaiano.edu.br\/unidades\/santaines\/wp-json\/wp\/v2\/posts"}],"about":[{"href":"https:\/\/www.ifbaiano.edu.br\/unidades\/santaines\/wp-json\/wp\/v2\/types\/post"}],"author":[{"embeddable":true,"href":"https:\/\/www.ifbaiano.edu.br\/unidades\/santaines\/wp-json\/wp\/v2\/users\/86"}],"replies":[{"embeddable":true,"href":"https:\/\/www.ifbaiano.edu.br\/unidades\/santaines\/wp-json\/wp\/v2\/comments?post=10211"}],"version-history":[{"count":6,"href":"https:\/\/www.ifbaiano.edu.br\/unidades\/santaines\/wp-json\/wp\/v2\/posts\/10211\/revisions"}],"predecessor-version":[{"id":10218,"href":"https:\/\/www.ifbaiano.edu.br\/unidades\/santaines\/wp-json\/wp\/v2\/posts\/10211\/revisions\/10218"}],"wp:attachment":[{"href":"https:\/\/www.ifbaiano.edu.br\/unidades\/santaines\/wp-json\/wp\/v2\/media?parent=10211"}],"wp:term":[{"taxonomy":"category","embeddable":true,"href":"https:\/\/www.ifbaiano.edu.br\/unidades\/santaines\/wp-json\/wp\/v2\/categories?post=10211"},{"taxonomy":"post_tag","embeddable":true,"href":"https:\/\/www.ifbaiano.edu.br\/unidades\/santaines\/wp-json\/wp\/v2\/tags?post=10211"}],"curies":[{"name":"wp","href":"https:\/\/api.w.org\/{rel}","templated":true}]}}