{"id":10225,"date":"2018-07-03T10:28:14","date_gmt":"2018-07-03T13:28:14","guid":{"rendered":"http:\/\/www.ifbaiano.edu.br\/unidades\/santaines\/?p=10225"},"modified":"2018-07-09T15:25:58","modified_gmt":"2018-07-09T18:25:58","slug":"10225-2","status":"publish","type":"post","link":"https:\/\/www.ifbaiano.edu.br\/unidades\/santaines\/10225-2\/","title":{"rendered":"Programa de Assist\u00eancia e Inclus\u00e3o Social  do Estudante (Paise) do IF Baiano Campus Santa In\u00eas"},"content":{"rendered":"<hr \/>\n<p class=\"western\" style=\"text-align: justify;\"><img decoding=\"async\" src=\"http:\/\/www.ifbaiano.edu.br\/unidades\/guanambi\/files\/2018\/04\/banner-assistencia-estudantil-2018.jpg\" alt=\"banner-assistencia-estudantil-2018\" \/><\/p>\n<p class=\"western\" style=\"text-align: justify;\"><span style=\"color: #ffffff;\">.<\/span><\/p>\n<p class=\"western\" style=\"text-align: justify;\">As inscri\u00e7\u00f5es para o Programa de Assist\u00eancia e Inclus\u00e3o Social \u00a0do Estudante\u00a0(Paise) do IF Baiano Campus Santa In\u00eas ocorreram no per\u00edodo da matr\u00edcula\u00a0(Fevereiro\/2018). A comiss\u00e3o local de Assist\u00eancia Estudantil (CLAE) divulgou o\u00a0cronograma da sele\u00e7\u00e3o\u00a0com as demais etapas do Processo seletivo.\u00a0<a href=\"http:\/\/concurso.ifbaiano.edu.br\/portal\/paise-2018\/\">O Edital do Paise 2018.1<\/a>, bem como,\u00a0os formul\u00e1rios, foram disponibilizados pelo N\u00facleo de Apoio\u00a0Pedag\u00f3gico e Psicossocial (NAPSI) do Campus Santa In\u00eas.<\/p>\n<p class=\"western\" style=\"text-align: justify;\">Para este Programa, ser\u00e3o ofertadas bolsas de Aux\u00edlio Moradia, Aux\u00edlio Transporte, Aux\u00edlio Material Acad\u00eamico, Aux\u00edlio Uniforme, Aux\u00edlio Creche. Ao todo, ser\u00e3o investidos R$742.500 (setecentos e\u00a0 quarenta e dois mil e quinhentos reais). Os valores e parcelas variam de acordo com a finalidade de cada aux\u00edlio.<\/p>\n<p class=\"western\" style=\"text-align: justify;\">Para concorrer \u00e0s bolsas \u00e9 preciso estar matriculado e com frequ\u00eancia regular em curso ofertado pelo Campus, na modalidades presencial ou EaD, possuir renda per capita familiar de at\u00e9 um sal\u00e1rio m\u00ednimo e meio vigente; estar em condi\u00e7\u00e3o de vulnerabilidade social.<\/p>\n<p class=\"western\" style=\"text-align: justify;\">O Paise\u00a0do IF Baiano visa contribuir para o bem estar biopsicossocial, perman\u00eancia e \u00eaxito nas atividades acad\u00eamicas de estudantes em vulnerabilidade socioecon\u00f4mica. O IF Baiano ainda est\u00e1 com outros dois editais abertos, um de\u00a0<a href=\"http:\/\/concurso.ifbaiano.edu.br\/portal\/pincel-2018\/\" target=\"_blank\">Incentivo \u00e0 Cultura, Esporte e Lazer<\/a>\u00a0(Pincel) e de\u00a0<a href=\"http:\/\/concurso.ifbaiano.edu.br\/portal\/propac-2018\/\" target=\"_blank\">Incentivo a Participa\u00e7\u00e3o Acad\u00eamica<\/a>\u00a0(Propac).<\/p>\n<hr \/>\n<p class=\"western\" style=\"text-align: justify;\"><a href=\"http:\/\/www.ifbaiano.edu.br\/unidades\/guanambi\/files\/2018\/04\/Edital-PAISE-2018-alterado.pdf\" target=\"_blank\">Edital \u2013 Paise \u2013 2018<\/a><\/p>\n<p class=\"western\" style=\"text-align: justify;\"><a href=\"http:\/\/www.ifbaiano.edu.br\/unidades\/santaines\/files\/2018\/07\/lista-de-selecionados-no-Paise-2018.1retificada.pdf\" target=\"_blank\">Lista de selecionados no Paise 2018.1<\/a>\u00a0(inclu\u00eddo em 09\/07\/2018)<\/p>\n<p class=\"western\" style=\"text-align: justify;\"><a href=\"http:\/\/www.ifbaiano.edu.br\/unidades\/santaines\/files\/2018\/07\/Paise-2018-Santa-In\u00easatualizadoem09072018.pdf\" target=\"_blank\">Ap\u00f3s Reuni\u00e3o dos Recursos<\/a> (inclu\u00eddo em 09\/07\/2018)<\/p>\n<p class=\"western\" style=\"text-align: justify;\"><a href=\"http:\/\/www.ifbaiano.edu.br\/unidades\/santaines\/files\/2018\/07\/Resultado-dos-Recursos-paise-Edital-2018.1.pdf\">Resultado dos Recursos\u00a0Paise\u00a02018.1<\/a>\u00a0(inclu\u00eddo em 09\/07\/2018)<\/p>\n<p class=\"western\" style=\"text-align: justify;\"><a href=\"http:\/\/www.ifbaiano.edu.br\/unidades\/santaines\/files\/2018\/05\/ENTREVISTAS-NOVOS-ALUNOS.pdf\">Cronograma de Entrevistas Paise \u2013\u00a02018.1 (NOVOS ALUNOS) \u2013 Campus Santa In\u00eas<\/a><\/p>\n<p class=\"western\" style=\"text-align: justify;\"><a href=\"http:\/\/www.ifbaiano.edu.br\/unidades\/santaines\/files\/2018\/05\/ENTREVISTAS-VETERANOS.pdf\">Cronograma Paise \u2013\u00a02018.1 (ALUNOS VETERANOS) \u2013 Campus Santa In\u00eas<\/a><\/p>\n<p class=\"western\" style=\"text-align: justify;\"><a href=\"http:\/\/www.ifbaiano.edu.br\/unidades\/santaines\/files\/2018\/05\/VALOR-DOA-AUX\u00cdLIOS.pdf\">Valores dos Auxi\u0301lios<\/a><\/p>\n<p class=\"western\" style=\"text-align: justify;\"><a href=\"http:\/\/www.ifbaiano.edu.br\/unidades\/santaines\/files\/2018\/05\/DISPONIBILIDADE-DE-AUX\u00cdLIOS.pdf\">Disponibilidade dos\u00a0Auxi\u0301lios\/N\u00famero de Vagas<\/a><\/p>\n<p class=\"western\" style=\"text-align: justify;\"><a href=\"http:\/\/www.ifbaiano.edu.br\/unidades\/santaines\/files\/2018\/05\/RECURSOS-ASSIST\u00caNCIA-ESTUDANTIL-2018.pdf\">Recursos Assist\u00eancia Estudantil 2018<\/a><\/p>\n<hr \/>\n<p style=\"text-align: justify;\">A Dire\u00e7\u00e3o geral do\u00a0<em>Campus<\/em>\u00a0Santa In\u00eas torna p\u00fablico o Edital, o Cronograma e demais documentos correlatos referentes ao Programa de Assist\u00eancia e Inclus\u00e3o Social do Estudante \u2013 PAISE\u00a02018.2.<\/p>\n<p style=\"text-align: justify;\">Veja o\u00a0<a href=\"http:\/\/www.ifbaiano.edu.br\/unidades\/santaines\/files\/2018\/06\/Edital-N%C2%BA-06-PAISE-2018.2.pdf\">Edital \u2013 Paise \u2013 2018.2<\/a>\u00a0ou acesse a p\u00e1gina do\u00a0<a href=\"http:\/\/concurso.ifbaiano.edu.br\/portal\/paise-santa-ines-2018-2\/\">PAISE<\/a>\u00a0referente a este processo seletivo.<\/p>\n<p style=\"text-align: justify;\"><strong><a href=\"http:\/\/www.ifbaiano.edu.br\/unidades\/santaines\/files\/2018\/06\/Edital-PAISE-2018.2-Retificado.pdf\" target=\"_blank\">Edital (Alterado)<\/a><\/strong><br \/>\n<strong>NOTA \u2013\u00a0<a href=\"http:\/\/www.ifbaiano.edu.br\/unidades\/santaines\/files\/2018\/06\/NOTA_EXCLUSAO_AUXILIO_EVENTUAL.pdf\" target=\"_blank\">Exclus\u00e3o do Aux\u00edlio Eventual<\/a><\/strong><br \/>\n<strong>NOTA \u2013\u00a0<a href=\"http:\/\/www.ifbaiano.edu.br\/unidades\/santaines\/files\/2018\/06\/NOTAcronogramapaise2018retificado.pdf\" target=\"_blank\">Cronograma PAISE 2018 \u2013 Retificado<\/a><\/strong><br \/>\n<strong>NOTA \u2013\u00a0<a href=\"http:\/\/www.ifbaiano.edu.br\/unidades\/santaines\/files\/2018\/06\/Paise_2018Cronomgrama_Santa_Ines_retificado.pdf\" target=\"_blank\">Tabela do cronograma PAISE 2018 \u2013 (Aux\u00edlio \/ benef\u00edcio) Retificado<\/a><\/strong><br \/>\n<strong>NOTA \u2013\u00a0<a href=\"http:\/\/www.ifbaiano.edu.br\/unidades\/santaines\/files\/2018\/06\/NOTArecursosassistenciaestudantil.pdf\" target=\"_blank\">Divis\u00e3o para a amplia\u00e7\u00e3o da Assist\u00eancia<\/a><\/strong><\/p>\n<p style=\"text-align: justify;\"><strong>NOTA \u2013\u00a0<a href=\"http:\/\/www.ifbaiano.edu.br\/unidades\/santaines\/files\/2018\/06\/Recursos_2018_Assistencia-EstudantilRetificado.pdf\" target=\"_blank\">Valores amplos referentes\u00a0aos recursos destinados aos Programas da Assist\u00eancia Estudantil<\/a><\/strong><\/p>\n<hr \/>\n<p><strong>Rela\u00e7\u00e3o dos estudantes\u00a0<a href=\"http:\/\/www.ifbaiano.edu.br\/unidades\/santaines\/files\/2018\/07\/PR\u00c9-SELECIONADOS-PAISE-2018.1-1.pdf\">Pr\u00e9-Selecionados\u00a0PAISE 2018.1<\/a><\/strong><\/p>\n<p>&nbsp;<\/p>\n<hr \/>\n<p class=\"western\" style=\"text-align: justify;\">Mais informa\u00e7\u00f5es podem ser obtidas na Coordena\u00e7\u00e3o de Assuntos Estudantis\/NAPSI.<\/p>\n<hr \/>\n<p>&nbsp;<\/p>\n","protected":false},"excerpt":{"rendered":"<p>A comiss\u00e3o local de Assist\u00eancia Estudantil (CLAE) divulga informa\u00e7\u00f5es sobre o Programa<\/p>\n","protected":false},"author":86,"featured_media":0,"comment_status":"closed","ping_status":"closed","sticky":false,"template":"","format":"standard","meta":[],"categories":[4,13,5,10,57],"tags":[],"_links":{"self":[{"href":"https:\/\/www.ifbaiano.edu.br\/unidades\/santaines\/wp-json\/wp\/v2\/posts\/10225"}],"collection":[{"href":"https:\/\/www.ifbaiano.edu.br\/unidades\/santaines\/wp-json\/wp\/v2\/posts"}],"about":[{"href":"https:\/\/www.ifbaiano.edu.br\/unidades\/santaines\/wp-json\/wp\/v2\/types\/post"}],"author":[{"embeddable":true,"href":"https:\/\/www.ifbaiano.edu.br\/unidades\/santaines\/wp-json\/wp\/v2\/users\/86"}],"replies":[{"embeddable":true,"href":"https:\/\/www.ifbaiano.edu.br\/unidades\/santaines\/wp-json\/wp\/v2\/comments?post=10225"}],"version-history":[{"count":13,"href":"https:\/\/www.ifbaiano.edu.br\/unidades\/santaines\/wp-json\/wp\/v2\/posts\/10225\/revisions"}],"predecessor-version":[{"id":10538,"href":"https:\/\/www.ifbaiano.edu.br\/unidades\/santaines\/wp-json\/wp\/v2\/posts\/10225\/revisions\/10538"}],"wp:attachment":[{"href":"https:\/\/www.ifbaiano.edu.br\/unidades\/santaines\/wp-json\/wp\/v2\/media?parent=10225"}],"wp:term":[{"taxonomy":"category","embeddable":true,"href":"https:\/\/www.ifbaiano.edu.br\/unidades\/santaines\/wp-json\/wp\/v2\/categories?post=10225"},{"taxonomy":"post_tag","embeddable":true,"href":"https:\/\/www.ifbaiano.edu.br\/unidades\/santaines\/wp-json\/wp\/v2\/tags?post=10225"}],"curies":[{"name":"wp","href":"https:\/\/api.w.org\/{rel}","templated":true}]}}