{"id":10247,"date":"2018-05-19T08:11:25","date_gmt":"2018-05-19T11:11:25","guid":{"rendered":"http:\/\/www.ifbaiano.edu.br\/unidades\/santaines\/?p=10247"},"modified":"2018-05-19T08:17:32","modified_gmt":"2018-05-19T11:17:32","slug":"if-baiano-campus-santa-ines-oferta-cursos-de-qualificacao-profissional-na-modalidade-de-formacao-inicial-e-continuada-fic","status":"publish","type":"post","link":"https:\/\/www.ifbaiano.edu.br\/unidades\/santaines\/if-baiano-campus-santa-ines-oferta-cursos-de-qualificacao-profissional-na-modalidade-de-formacao-inicial-e-continuada-fic\/","title":{"rendered":"IF Baiano Campus Santa In\u00eas oferta Cursos de Qualifica\u00e7\u00e3o Profissional, na modalidade de Forma\u00e7\u00e3o Inicial e Continuada (FIC)"},"content":{"rendered":"<hr \/>\n<p><a href=\"http:\/\/www.ifbaiano.edu.br\/unidades\/santaines\/files\/2018\/05\/EDITAL-CURSOS-FIC.pdf\"><img decoding=\"async\" loading=\"lazy\" class=\"alignnone wp-image-10260 size-full\" src=\"http:\/\/www.ifbaiano.edu.br\/unidades\/santaines\/files\/2018\/05\/Cursos-FIC-SI.jpg\" alt=\"Cursos FIC SI\" width=\"809\" height=\"257\" \/><\/a><\/p>\n<p style=\"text-align: justify\"><span style=\"color: #ffffff\">.<\/span><\/p>\n<p style=\"text-align: justify\">O IF Baiano Campus Santa In\u00eas divulga Processo Seletivo para ingresso de estudantes nos Cursos de Qualifica\u00e7\u00e3o Profissional, na modalidade de Forma\u00e7\u00e3o Inicial e Continuada (FIC)<\/p>\n<p style=\"text-align: justify\">As inscri\u00e7\u00f5es poder\u00e3o ser realizadas no per\u00edodo de\u00a024 de maio a 05 de junho de 2018.<\/p>\n<p style=\"text-align: justify\">S\u00e3o ofertadas 110 vagas vagas totais, sendo 35 para o\u00a0curso de Monitoramento ambiental com \u00eanfase em recursos h\u00eddricos, 40 para o Curso de Biomassa e Produ\u00e7\u00e3o de Biog\u00e1s e 35 para o Curso de Quest\u00e3o Agr\u00e1ria P\u00e9s no Ch\u00e3o.<\/p>\n<p style=\"text-align: justify\">Todos os cursos s\u00e3o gratuitos e n\u00e3o possuem taxa de inscri\u00e7\u00e3o.<\/p>\n<p style=\"text-align: justify\">Para saber todas as informa\u00e7\u00f5es clique na imagem acima ou acesse o<strong><a href=\"http:\/\/www.ifbaiano.edu.br\/unidades\/santaines\/files\/2018\/05\/EDITAL-CURSOS-FIC.pdf\"> EDITAL AQUI<\/a>.<\/strong><\/p>\n<hr \/>\n<p>&nbsp;<\/p>\n","protected":false},"excerpt":{"rendered":"<p> Inscri\u00e7\u00f5es no per\u00edodo de 24 de maio a 05 de junho de 2018.<\/p>\n","protected":false},"author":86,"featured_media":0,"comment_status":"closed","ping_status":"closed","sticky":false,"template":"","format":"standard","meta":[],"categories":[4,5,10,8,1],"tags":[],"_links":{"self":[{"href":"https:\/\/www.ifbaiano.edu.br\/unidades\/santaines\/wp-json\/wp\/v2\/posts\/10247"}],"collection":[{"href":"https:\/\/www.ifbaiano.edu.br\/unidades\/santaines\/wp-json\/wp\/v2\/posts"}],"about":[{"href":"https:\/\/www.ifbaiano.edu.br\/unidades\/santaines\/wp-json\/wp\/v2\/types\/post"}],"author":[{"embeddable":true,"href":"https:\/\/www.ifbaiano.edu.br\/unidades\/santaines\/wp-json\/wp\/v2\/users\/86"}],"replies":[{"embeddable":true,"href":"https:\/\/www.ifbaiano.edu.br\/unidades\/santaines\/wp-json\/wp\/v2\/comments?post=10247"}],"version-history":[{"count":12,"href":"https:\/\/www.ifbaiano.edu.br\/unidades\/santaines\/wp-json\/wp\/v2\/posts\/10247\/revisions"}],"predecessor-version":[{"id":10272,"href":"https:\/\/www.ifbaiano.edu.br\/unidades\/santaines\/wp-json\/wp\/v2\/posts\/10247\/revisions\/10272"}],"wp:attachment":[{"href":"https:\/\/www.ifbaiano.edu.br\/unidades\/santaines\/wp-json\/wp\/v2\/media?parent=10247"}],"wp:term":[{"taxonomy":"category","embeddable":true,"href":"https:\/\/www.ifbaiano.edu.br\/unidades\/santaines\/wp-json\/wp\/v2\/categories?post=10247"},{"taxonomy":"post_tag","embeddable":true,"href":"https:\/\/www.ifbaiano.edu.br\/unidades\/santaines\/wp-json\/wp\/v2\/tags?post=10247"}],"curies":[{"name":"wp","href":"https:\/\/api.w.org\/{rel}","templated":true}]}}