{"id":10308,"date":"2018-05-23T11:04:29","date_gmt":"2018-05-23T14:04:29","guid":{"rendered":"http:\/\/www.ifbaiano.edu.br\/unidades\/santaines\/?p=10308"},"modified":"2018-05-23T11:04:59","modified_gmt":"2018-05-23T14:04:59","slug":"diretor-geral-publica-nota-informativa-sobre-trotes-no-campus","status":"publish","type":"post","link":"https:\/\/www.ifbaiano.edu.br\/unidades\/santaines\/diretor-geral-publica-nota-informativa-sobre-trotes-no-campus\/","title":{"rendered":"Diretor Geral publica Nota Informativa sobre trotes no Campus"},"content":{"rendered":"<hr \/>\n<p style=\"text-align: justify\"><span style=\"color: #223333\"><span style=\"font-family: Arial, sans-serif\"><span style=\"font-size: medium\">O\u00a0<\/span><span style=\"font-size: medium\">Diretor Geral do IF Baiano <\/span><\/span><\/span><span style=\"color: #223333\"><span style=\"font-family: Arial, sans-serif\"><span style=\"font-size: medium\"><i>Campus<\/i><\/span><\/span><\/span><span style=\"color: #223333\"><span style=\"font-family: Arial, sans-serif\"><span style=\"font-size: medium\"> Santa In\u00eas, publicou Nota Informativa onde &#8220;repudia quaisquer atos de viol\u00eancia, opress\u00e3o, constrangimento ou equivalentes, praticados contra membros da comunidade acad\u00eamica, em particular aqueles relacionados aos chamados \u201ctrotes\u201d aplicados aos novos estudantes&#8221;.<\/span><\/span><\/span><\/p>\n<p style=\"text-align: justify\"><strong><a href=\"http:\/\/www.ifbaiano.edu.br\/unidades\/santaines\/files\/2018\/05\/Nota-Informativa-N\u00ba-02.pdf\"><span style=\"color: #223333\"><span style=\"font-family: Arial, sans-serif\"><span style=\"font-size: medium\">CLIQUE AQUI\u00a0E VEJA NOTA NA \u00cdNTEGRA<\/span><\/span><\/span><\/a><\/strong><\/p>\n<hr \/>\n<p>&nbsp;<\/p>\n","protected":false},"excerpt":{"rendered":"<p>Nota Informativa n\u00ba 02\/2018\/IF BAIANO &#8211; Campus Santa In\u00eas DG\/GAB, de 22 de maio de 2018<\/p>\n","protected":false},"author":86,"featured_media":0,"comment_status":"closed","ping_status":"closed","sticky":false,"template":"","format":"standard","meta":[],"categories":[4,7,10,57],"tags":[],"_links":{"self":[{"href":"https:\/\/www.ifbaiano.edu.br\/unidades\/santaines\/wp-json\/wp\/v2\/posts\/10308"}],"collection":[{"href":"https:\/\/www.ifbaiano.edu.br\/unidades\/santaines\/wp-json\/wp\/v2\/posts"}],"about":[{"href":"https:\/\/www.ifbaiano.edu.br\/unidades\/santaines\/wp-json\/wp\/v2\/types\/post"}],"author":[{"embeddable":true,"href":"https:\/\/www.ifbaiano.edu.br\/unidades\/santaines\/wp-json\/wp\/v2\/users\/86"}],"replies":[{"embeddable":true,"href":"https:\/\/www.ifbaiano.edu.br\/unidades\/santaines\/wp-json\/wp\/v2\/comments?post=10308"}],"version-history":[{"count":3,"href":"https:\/\/www.ifbaiano.edu.br\/unidades\/santaines\/wp-json\/wp\/v2\/posts\/10308\/revisions"}],"predecessor-version":[{"id":10314,"href":"https:\/\/www.ifbaiano.edu.br\/unidades\/santaines\/wp-json\/wp\/v2\/posts\/10308\/revisions\/10314"}],"wp:attachment":[{"href":"https:\/\/www.ifbaiano.edu.br\/unidades\/santaines\/wp-json\/wp\/v2\/media?parent=10308"}],"wp:term":[{"taxonomy":"category","embeddable":true,"href":"https:\/\/www.ifbaiano.edu.br\/unidades\/santaines\/wp-json\/wp\/v2\/categories?post=10308"},{"taxonomy":"post_tag","embeddable":true,"href":"https:\/\/www.ifbaiano.edu.br\/unidades\/santaines\/wp-json\/wp\/v2\/tags?post=10308"}],"curies":[{"name":"wp","href":"https:\/\/api.w.org\/{rel}","templated":true}]}}