{"id":10318,"date":"2018-05-24T10:20:29","date_gmt":"2018-05-24T13:20:29","guid":{"rendered":"http:\/\/www.ifbaiano.edu.br\/unidades\/santaines\/?p=10318"},"modified":"2018-05-24T10:20:29","modified_gmt":"2018-05-24T13:20:29","slug":"viii-semana-de-zootecnia-do-if-baiano-campus-santa-ines-premia-melhores-trabalhos","status":"publish","type":"post","link":"https:\/\/www.ifbaiano.edu.br\/unidades\/santaines\/viii-semana-de-zootecnia-do-if-baiano-campus-santa-ines-premia-melhores-trabalhos\/","title":{"rendered":"VIII Semana de Zootecnia do IF Baiano Campus Santa In\u00eas premia melhores trabalhos"},"content":{"rendered":"<div class=\"tituloNoticiaDestaque\">\n<hr \/>\n<p style=\"text-align: justify\"><img decoding=\"async\" loading=\"lazy\" class=\"alignnone  wp-image-10322\" src=\"http:\/\/www.ifbaiano.edu.br\/unidades\/santaines\/files\/2018\/05\/4.jpg\" alt=\"4\" width=\"256\" height=\"256\" \/><\/p>\n<p align=\"justify\"><span style=\"color: #000000\"><span style=\"font-family: 'Times New Roman', serif\"><span style=\"font-size: small\">Estudantes do curso de Bacharelado em Zootecnia do IF Baiano Campus Santa In\u00eas, participantes da VIII Semana de Zootecnia, de 16 a 19 de maio, apresentaram trabalhos e foram premiados em diversas \u00e1reas:<\/span><\/span><\/span><\/p>\n<p align=\"justify\"><span style=\"color: #000000\"><span style=\"font-family: 'Times New Roman', serif\"><span style=\"font-size: small\">DIVULGA\u00c7\u00c3O DE T\u00c9CNICAS DE CRIA\u00c7\u00c3O E MANEJO DE PRODU\u00c7\u00c3O ORG\u00c2NICA DE FRANGOS DE CORTE CAIPIRA apresentado pelo discente Felix Barbosa Reis, sob orienta\u00e7\u00e3o do Prof. Guilherme Rodrigues do Nascimento, recebeu pr\u00eamio de melhor trabalho na \u00e1rea de N\u00e3o Ruminantes;<\/span><\/span><\/span><\/p>\n<p align=\"justify\"><span style=\"color: #000000\"><span style=\"font-family: 'Times New Roman', serif\"><span style=\"font-size: small\">PERFIL SOCIOECON\u00d4MICO DOS MORADORES DO ASSENTAMENTO NATUR DE ASSIS EM SANTA IN\u00caS-BA apresentado pelo discente Denner Matos Roma, sob orienta\u00e7\u00e3o da Profa. Aline de Assis Lago, recebeu pr\u00eamio de melhor trabalho em \u201cOutras \u00c1reas\u201d;<\/span><\/span><\/span><\/p>\n<p align=\"justify\"><span style=\"color: #000000\"><span style=\"font-family: 'Times New Roman', serif\"><span style=\"font-size: small\">INFLU\u00caNCIA DO SISTEMA DE CRIA\u00c7\u00c3O NA OCORR\u00caNCIA DE ENDOPARASITOS EM CAPRINOS CRIADOS EM SANTA IN\u00caS-BA apresentado pelo discente Allan de Oliveira Silva Cerqueira, sob orienta\u00e7\u00e3o do Prof. Fred da Silva Juli\u00e3o, recebeu pr\u00eamio de melhor trabalho na \u00e1rea de Produ\u00e7\u00e3o de Ruminantes.<\/span><\/span><\/span><\/p>\n<p align=\"justify\"><span style=\"color: #000000\"><span style=\"font-family: 'Times New Roman', serif\"><span style=\"font-size: small\">O discente Jonas de Souza Santos, do mesmo curso, foi premiado com a logo oficial do evento \u201cEcoZooVIIISZ2018\u201d.<\/span><\/span><\/span><\/p>\n<p align=\"justify\"><span style=\"color: #000000\"><span style=\"font-family: 'Times New Roman', serif\"><span style=\"font-size: small\">Outros nove estudantes do curso de Engenharia Agron\u00f4mica do <a href=\"https:\/\/bit.ly\/2s8Liee\">IF Baiano Campus Bom Jesus da Lapa<\/a>, participaram do evento com apresenta\u00e7\u00e3o de trabalhos na forma oral e poster. Desses, foram premiados:<\/span><\/span><\/span><\/p>\n<p align=\"justify\"><span style=\"color: #000000\"><span style=\"font-family: 'Times New Roman', serif\"><span style=\"font-size: small\">Jeane Ferreira de Jesus com o melhor trabalho na sess\u00e3o oral e melhor trabalho na \u00c1rea de Ambi\u00eancia, Bem-estar e Bioclimatologia: TERMOTOLER\u00c2NCIA EM CAPRINOS INTEIROS E CASTRADOS NO SEMI\u00c1RIDO BAIANO, sob orienta\u00e7\u00e3o da Profa. Dra. Taissa de Souza Canaes;<\/span><\/span><\/span><\/p>\n<p align=\"justify\"><span style=\"color: #000000\"><span style=\"font-family: 'Times New Roman', serif\"><span style=\"font-size: small\">\u00c9mille Karoline Santiago Cruz com o melhor trabalho na \u00e1rea de Forragicultura e Pastagens: ALGOD\u00c3O DE SEDA COMO ALTERNATIVA ALIMENTAR ANIMAL NO SEMI\u00c1RIDO, sob orienta\u00e7\u00e3o da Profa. Dra. Taissa de Souza Canaes;<\/span><\/span><\/span><\/p>\n<p align=\"justify\"><span style=\"color: #000000\"><span style=\"font-family: 'Times New Roman', serif\"><span style=\"font-size: small\">Fl\u00e1via Ang\u00e9lica da Silva com o melhor trabalho na \u00e1rea de nutri\u00e7\u00e3o e produ\u00e7\u00e3o de ruminantes: MAT\u00c9RIA SECA DE SILAGENS DE GIRASSOL NA ALIMENTA\u00c7\u00c3O DE RUMINANTES, sob orienta\u00e7\u00e3o do Prof. Dr Ariomar Rodrigues dos Santos.<\/span><\/span><\/span><\/p>\n<p align=\"justify\"><span style=\"color: #000000\"><span style=\"font-family: 'Times New Roman', serif\"><span style=\"font-size: small\">Foram premiados, ainda, trabalhos de dois estudantes do IF Baiano Campus Senhor do Bonfim e de um estudante da Universidade Estadual do Sudoeste da Bahia (UESB).<\/span><\/span><\/span><\/p>\n<p><img decoding=\"async\" loading=\"lazy\" class=\"alignnone  wp-image-10319\" src=\"http:\/\/www.ifbaiano.edu.br\/unidades\/santaines\/files\/2018\/05\/1.jpg\" alt=\"1\" width=\"249\" height=\"165\" \/><img decoding=\"async\" loading=\"lazy\" class=\"alignnone  wp-image-10321\" src=\"http:\/\/www.ifbaiano.edu.br\/unidades\/santaines\/files\/2018\/05\/3.jpg\" alt=\"3\" width=\"248\" height=\"166\" \/><a href=\"http:\/\/www.ifbaiano.edu.br\/unidades\/santaines\/files\/2018\/05\/2.jpg\"><img decoding=\"async\" loading=\"lazy\" class=\"alignnone  wp-image-10320\" src=\"http:\/\/www.ifbaiano.edu.br\/unidades\/santaines\/files\/2018\/05\/2.jpg\" alt=\"2\" width=\"247\" height=\"164\" \/><\/a><\/div>\n<div class=\"textoNoticiaDestaque\">\n<hr \/>\n<p><strong>O IF Baiano Campus Santa In\u00eas e a Comiss\u00e3o Organizadora do Evento parabeniza e agradece a todos pela participa\u00e7\u00e3o!\u00a0<\/strong><\/p>\n<\/div>\n","protected":false},"excerpt":{"rendered":"<p>O evento aconteceu no per\u00edodo de de 16 a 19 de maio de 2018<\/p>\n","protected":false},"author":86,"featured_media":0,"comment_status":"closed","ping_status":"closed","sticky":false,"template":"","format":"standard","meta":[],"categories":[4,12,23,10,57],"tags":[],"_links":{"self":[{"href":"https:\/\/www.ifbaiano.edu.br\/unidades\/santaines\/wp-json\/wp\/v2\/posts\/10318"}],"collection":[{"href":"https:\/\/www.ifbaiano.edu.br\/unidades\/santaines\/wp-json\/wp\/v2\/posts"}],"about":[{"href":"https:\/\/www.ifbaiano.edu.br\/unidades\/santaines\/wp-json\/wp\/v2\/types\/post"}],"author":[{"embeddable":true,"href":"https:\/\/www.ifbaiano.edu.br\/unidades\/santaines\/wp-json\/wp\/v2\/users\/86"}],"replies":[{"embeddable":true,"href":"https:\/\/www.ifbaiano.edu.br\/unidades\/santaines\/wp-json\/wp\/v2\/comments?post=10318"}],"version-history":[{"count":13,"href":"https:\/\/www.ifbaiano.edu.br\/unidades\/santaines\/wp-json\/wp\/v2\/posts\/10318\/revisions"}],"predecessor-version":[{"id":10336,"href":"https:\/\/www.ifbaiano.edu.br\/unidades\/santaines\/wp-json\/wp\/v2\/posts\/10318\/revisions\/10336"}],"wp:attachment":[{"href":"https:\/\/www.ifbaiano.edu.br\/unidades\/santaines\/wp-json\/wp\/v2\/media?parent=10318"}],"wp:term":[{"taxonomy":"category","embeddable":true,"href":"https:\/\/www.ifbaiano.edu.br\/unidades\/santaines\/wp-json\/wp\/v2\/categories?post=10318"},{"taxonomy":"post_tag","embeddable":true,"href":"https:\/\/www.ifbaiano.edu.br\/unidades\/santaines\/wp-json\/wp\/v2\/tags?post=10318"}],"curies":[{"name":"wp","href":"https:\/\/api.w.org\/{rel}","templated":true}]}}