{"id":10338,"date":"2018-05-25T20:35:42","date_gmt":"2018-05-25T23:35:42","guid":{"rendered":"http:\/\/www.ifbaiano.edu.br\/unidades\/santaines\/?p=10338"},"modified":"2018-05-27T18:53:19","modified_gmt":"2018-05-27T21:53:19","slug":"campus-santa-ines-suspende-atividades-pedagogicas","status":"publish","type":"post","link":"https:\/\/www.ifbaiano.edu.br\/unidades\/santaines\/campus-santa-ines-suspende-atividades-pedagogicas\/","title":{"rendered":"Campus Santa In\u00eas suspende atividades pedag\u00f3gicas"},"content":{"rendered":"<hr \/>\n<p style=\"text-align: justify\">O Diretor Geral do IF Baiano Campus Santa In\u00eas publica Nota Informativa sobre suspens\u00e3o das atividades pedag\u00f3gicas do Campus.<\/p>\n<p style=\"text-align: justify\"><a href=\"http:\/\/www.ifbaiano.edu.br\/unidades\/santaines\/files\/2018\/05\/comunicado.png\"><img decoding=\"async\" loading=\"lazy\" class=\"alignnone size-full wp-image-10341\" src=\"http:\/\/www.ifbaiano.edu.br\/unidades\/santaines\/files\/2018\/05\/comunicado.png\" alt=\"comunicado\" width=\"1128\" height=\"1504\" \/><\/a><\/p>\n<p style=\"text-align: justify\"><a href=\"http:\/\/www.ifbaiano.edu.br\/unidades\/santaines\/files\/2018\/05\/Nota-Informativa-N\u00ba-03-Suspens\u00e3o-atividades-pedag\u00f3gicas.pdf\">Clique aqui e veja Nota Informativa na \u00edntegra<\/a><\/p>\n<hr \/>\n<p style=\"text-align: justify\">\n","protected":false},"excerpt":{"rendered":"<p>Alunos devem ficar atentos aos avisos encaminhados atrav\u00e9s de publica\u00e7\u00f5es no site e no Facebook do Campus, quanto ao retorno das atividades<\/p>\n","protected":false},"author":86,"featured_media":0,"comment_status":"closed","ping_status":"closed","sticky":false,"template":"","format":"standard","meta":[],"categories":[4,5,7,10,57],"tags":[],"_links":{"self":[{"href":"https:\/\/www.ifbaiano.edu.br\/unidades\/santaines\/wp-json\/wp\/v2\/posts\/10338"}],"collection":[{"href":"https:\/\/www.ifbaiano.edu.br\/unidades\/santaines\/wp-json\/wp\/v2\/posts"}],"about":[{"href":"https:\/\/www.ifbaiano.edu.br\/unidades\/santaines\/wp-json\/wp\/v2\/types\/post"}],"author":[{"embeddable":true,"href":"https:\/\/www.ifbaiano.edu.br\/unidades\/santaines\/wp-json\/wp\/v2\/users\/86"}],"replies":[{"embeddable":true,"href":"https:\/\/www.ifbaiano.edu.br\/unidades\/santaines\/wp-json\/wp\/v2\/comments?post=10338"}],"version-history":[{"count":2,"href":"https:\/\/www.ifbaiano.edu.br\/unidades\/santaines\/wp-json\/wp\/v2\/posts\/10338\/revisions"}],"predecessor-version":[{"id":10342,"href":"https:\/\/www.ifbaiano.edu.br\/unidades\/santaines\/wp-json\/wp\/v2\/posts\/10338\/revisions\/10342"}],"wp:attachment":[{"href":"https:\/\/www.ifbaiano.edu.br\/unidades\/santaines\/wp-json\/wp\/v2\/media?parent=10338"}],"wp:term":[{"taxonomy":"category","embeddable":true,"href":"https:\/\/www.ifbaiano.edu.br\/unidades\/santaines\/wp-json\/wp\/v2\/categories?post=10338"},{"taxonomy":"post_tag","embeddable":true,"href":"https:\/\/www.ifbaiano.edu.br\/unidades\/santaines\/wp-json\/wp\/v2\/tags?post=10338"}],"curies":[{"name":"wp","href":"https:\/\/api.w.org\/{rel}","templated":true}]}}