{"id":10355,"date":"2018-06-04T08:57:14","date_gmt":"2018-06-04T11:57:14","guid":{"rendered":"http:\/\/www.ifbaiano.edu.br\/unidades\/santaines\/?p=10355"},"modified":"2018-06-06T13:04:41","modified_gmt":"2018-06-06T16:04:41","slug":"titulo-da-edufba-apresenta-resultados-positivos-de-projetos-de-educacao-ambiental-do-if-baiano","status":"publish","type":"post","link":"https:\/\/www.ifbaiano.edu.br\/unidades\/santaines\/titulo-da-edufba-apresenta-resultados-positivos-de-projetos-de-educacao-ambiental-do-if-baiano\/","title":{"rendered":"T\u00edtulo da Edufba apresenta resultados positivos de projetos de Educa\u00e7\u00e3o Ambiental do IF Baiano"},"content":{"rendered":"<hr \/>\n<p style=\"text-align: justify\"><a href=\"http:\/\/www.edufba.ufba.br\/2018\/05\/educacao-meio-ambiente-e-comunidade-experiencias-do-if-baiano\/\"><img decoding=\"async\" loading=\"lazy\" class=\"alignnone wp-image-10356\" src=\"http:\/\/www.ifbaiano.edu.br\/unidades\/santaines\/files\/2018\/06\/Edufba.jpg\" alt=\"Edufba\" width=\"326\" height=\"456\" \/><\/a>A s\u00e9rie de artigos presente em Educa\u00e7\u00e3o, meio ambiente e comunidade trata das experi\u00eancias exitosas de ensino, pesquisa e extens\u00e3o no Instituto Federal de Educa\u00e7\u00e3o, Ci\u00eancia e Tecnologia Baiano. Os artigos, escritos por docentes e pesquisadores do IF Baiano, apresentam resultados de projetos e de a\u00e7\u00f5es que ampliaram as discuss\u00f5es sobres temas ambientais na educa\u00e7\u00e3o profissional t\u00e9cnica de n\u00edvel m\u00e9dio. Assim, cada cap\u00edtulo se alinha \u00e0s compet\u00eancias dos Institutos Federais estabelecidas por lei: \u201cpromover a produ\u00e7\u00e3o, o desenvolvimento e a transfer\u00eancia de tecnologias sociais, notadamente as voltadas \u00e0 preserva\u00e7\u00e3o do meio ambiente\u201d.<\/p>\n<p style=\"text-align: justify\">Informa\u00e7\u00f5es adicionais sobre o livro<\/p>\n<p>N\u00famero de p\u00e1ginas: 206 p.<br \/>\nAno: 2018<br \/>\nISBN:978-85-232-1693-1<br \/>\nFormato: 17 x 24 cm<br \/>\nPre\u00e7o especial de lan\u00e7amento: R$ 19,80<\/p>\n<p>Servi\u00e7o:<\/p>\n<p>Lan\u00e7amento \u201cEduca\u00e7\u00e3o, meio ambiente e comunidade\u201d<br \/>\nData: 05 de junho de 2018<br \/>\nHor\u00e1rio: 17h \u00e0s 20h<br \/>\nLocal: Palacete das Artes<br \/>\nEndere\u00e7o: Rua da Gra\u00e7a, n. 289, Gra\u00e7a, Salvador\/BA<\/p>\n<hr \/>\n<p style=\"text-align: justify\">Texto dispon\u00edvel em: http:\/\/www.edufba.ufba.br\/2018\/05\/educacao-meio-ambiente-e-comunidade-experiencias-do-if-baiano\/<\/p>\n","protected":false},"excerpt":{"rendered":"<p>Lan\u00e7amento \u201cEduca\u00e7\u00e3o, meio ambiente e comunidade\u201d &#8211; dia 05 de junho de 2018<\/p>\n","protected":false},"author":86,"featured_media":0,"comment_status":"closed","ping_status":"closed","sticky":false,"template":"","format":"standard","meta":[],"categories":[4,5,10,57],"tags":[],"_links":{"self":[{"href":"https:\/\/www.ifbaiano.edu.br\/unidades\/santaines\/wp-json\/wp\/v2\/posts\/10355"}],"collection":[{"href":"https:\/\/www.ifbaiano.edu.br\/unidades\/santaines\/wp-json\/wp\/v2\/posts"}],"about":[{"href":"https:\/\/www.ifbaiano.edu.br\/unidades\/santaines\/wp-json\/wp\/v2\/types\/post"}],"author":[{"embeddable":true,"href":"https:\/\/www.ifbaiano.edu.br\/unidades\/santaines\/wp-json\/wp\/v2\/users\/86"}],"replies":[{"embeddable":true,"href":"https:\/\/www.ifbaiano.edu.br\/unidades\/santaines\/wp-json\/wp\/v2\/comments?post=10355"}],"version-history":[{"count":8,"href":"https:\/\/www.ifbaiano.edu.br\/unidades\/santaines\/wp-json\/wp\/v2\/posts\/10355\/revisions"}],"predecessor-version":[{"id":10364,"href":"https:\/\/www.ifbaiano.edu.br\/unidades\/santaines\/wp-json\/wp\/v2\/posts\/10355\/revisions\/10364"}],"wp:attachment":[{"href":"https:\/\/www.ifbaiano.edu.br\/unidades\/santaines\/wp-json\/wp\/v2\/media?parent=10355"}],"wp:term":[{"taxonomy":"category","embeddable":true,"href":"https:\/\/www.ifbaiano.edu.br\/unidades\/santaines\/wp-json\/wp\/v2\/categories?post=10355"},{"taxonomy":"post_tag","embeddable":true,"href":"https:\/\/www.ifbaiano.edu.br\/unidades\/santaines\/wp-json\/wp\/v2\/tags?post=10355"}],"curies":[{"name":"wp","href":"https:\/\/api.w.org\/{rel}","templated":true}]}}