{"id":1036,"date":"2012-01-30T08:49:20","date_gmt":"2012-01-30T11:49:20","guid":{"rendered":"http:\/\/www.ifbaiano.edu.br\/unidades\/santaines\/?p=1036"},"modified":"2012-01-30T08:49:20","modified_gmt":"2012-01-30T11:49:20","slug":"provas-do-processo-seletivo-foram-realizadas-dia-18122011-2","status":"publish","type":"post","link":"https:\/\/www.ifbaiano.edu.br\/unidades\/santaines\/provas-do-processo-seletivo-foram-realizadas-dia-18122011-2\/","title":{"rendered":"Provas do processo seletivo foram realizadas dia 18\/12\/2011"},"content":{"rendered":"<p>Os candidatos ao Processo Seletivo 2012 do Instituto Federal de Educa\u00e7\u00e3o, Ci\u00eancia e Tecnologia Baiano, Campus Santa In\u00eas, fizeram as provas para as modalidades integrada e subsequente , neste\u00a0 domingo (18 de dezembro). O processo seletivo transcorreu sem ocorr\u00eancias. Vejam mais informa\u00e7\u00f5es no site do IF Baiano <a href=\"http:\/\/concursos.ifbaiano.edu.br\" target=\"_blank\">concursos.ifbaiano.edu.br<\/a>.<\/p>\n<div>\n<div id=\"attachment_743\" style=\"width: 310px\" class=\"wp-caption alignright\"><a href=\"http:\/\/www.ifbaiano.edu.br\/unidades\/santaines\/files\/2011\/12\/PC140002.jpg\"><img aria-describedby=\"caption-attachment-743\" decoding=\"async\" loading=\"lazy\" class=\"size-medium wp-image-743\" src=\"http:\/\/www.ifbaiano.edu.br\/unidades\/santaines\/files\/2011\/12\/PC140002-300x225.jpg\" alt=\"\" width=\"300\" height=\"225\" srcset=\"https:\/\/www.ifbaiano.edu.br\/unidades\/santaines\/files\/2011\/12\/PC140002-300x225.jpg 300w, https:\/\/www.ifbaiano.edu.br\/unidades\/santaines\/files\/2011\/12\/PC140002-1024x768.jpg 1024w, https:\/\/www.ifbaiano.edu.br\/unidades\/santaines\/files\/2011\/12\/PC140002-400x300.jpg 400w, https:\/\/www.ifbaiano.edu.br\/unidades\/santaines\/files\/2011\/12\/PC140002.jpg 1280w\" sizes=\"(max-width: 300px) 100vw, 300px\" \/><\/a><p id=\"caption-attachment-743\" class=\"wp-caption-text\">\u00daltimas orienta\u00e7\u00f5es aos fiscais de prova.<\/p><\/div>\n<dl>\n<dt><strong>Gabarito<\/strong><\/dt>\n<\/dl>\n<\/div>\n<p><strong><\/strong>Os candidatos poder\u00e3o ter \u00a0acesso ao gabarito, a partir das 14h00min do dia 18 de dezembro, atrav\u00e9s do site: <a href=\"http:\/\/concursos.ifbaiano.edu.br\" target=\"_blank\">concursos.ifbaiano.edu.br<\/a>.<\/p>\n<p>A previs\u00e3o \u00e9 de que no dia 31 de janeiro sejam divulgadas as listas com os aprovados.<\/p>\n<p><strong>A entrevista com os candidatos ao curso t\u00e9cnico integrado \u2013 proeja, ser\u00e1 nos dias 19 e 20 de dezembro.<\/strong><\/p>\n<p>A Comiss\u00e3o Local do Processo Seletivo divulga a lista com o dia e a hora em que os candidatos dever\u00e3o comparecer ao campus, para a entrevista.<\/p>\n<p>Conforme Edital do Processo Seletivo, o n\u00e3o comparecimento do candidato, implicar\u00e1 na sua elimina\u00e7\u00e3o.<\/p>\n<p><a href=\"http:\/\/www.ifbaiano.edu.br\/unidades\/santaines\/files\/2011\/12\/Entrevista-Proeja-2012.pdf\" target=\"_blank\">Confira a lista da Entrevista com os candidatos ao curso t\u00e9cnico integrado\u00a0 &#8211; Proeja<br \/>\n<\/a><\/p>\n<p><a href=\"http:\/\/www.ifbaiano.edu.br\/unidades\/santaines\/files\/2011\/12\/enturmacaoOK.pdf\" target=\"_blank\">Confira a lista dos candidatos aos Cursos Integrados e Subsequente<\/a><\/p>\n","protected":false},"excerpt":{"rendered":"<p>Os candidatos ao Processo Seletivo 2012 do Instituto Federal de Educa\u00e7\u00e3o, Ci\u00eancia e Tecnologia Baiano, Campus Santa In\u00eas, fizeram as provas para as modalidades integrada e subsequente , neste\u00a0 domingo (18 de dezembro). O processo seletivo transcorreu sem ocorr\u00eancias. Vejam mais informa\u00e7\u00f5es no site do IF Baiano concursos.ifbaiano.edu.br. Gabarito Os candidatos poder\u00e3o ter \u00a0acesso ao [&hellip;]<\/p>\n","protected":false},"author":26,"featured_media":0,"comment_status":"closed","ping_status":"closed","sticky":false,"template":"","format":"standard","meta":[],"categories":[8],"tags":[],"_links":{"self":[{"href":"https:\/\/www.ifbaiano.edu.br\/unidades\/santaines\/wp-json\/wp\/v2\/posts\/1036"}],"collection":[{"href":"https:\/\/www.ifbaiano.edu.br\/unidades\/santaines\/wp-json\/wp\/v2\/posts"}],"about":[{"href":"https:\/\/www.ifbaiano.edu.br\/unidades\/santaines\/wp-json\/wp\/v2\/types\/post"}],"author":[{"embeddable":true,"href":"https:\/\/www.ifbaiano.edu.br\/unidades\/santaines\/wp-json\/wp\/v2\/users\/26"}],"replies":[{"embeddable":true,"href":"https:\/\/www.ifbaiano.edu.br\/unidades\/santaines\/wp-json\/wp\/v2\/comments?post=1036"}],"version-history":[{"count":2,"href":"https:\/\/www.ifbaiano.edu.br\/unidades\/santaines\/wp-json\/wp\/v2\/posts\/1036\/revisions"}],"predecessor-version":[{"id":1038,"href":"https:\/\/www.ifbaiano.edu.br\/unidades\/santaines\/wp-json\/wp\/v2\/posts\/1036\/revisions\/1038"}],"wp:attachment":[{"href":"https:\/\/www.ifbaiano.edu.br\/unidades\/santaines\/wp-json\/wp\/v2\/media?parent=1036"}],"wp:term":[{"taxonomy":"category","embeddable":true,"href":"https:\/\/www.ifbaiano.edu.br\/unidades\/santaines\/wp-json\/wp\/v2\/categories?post=1036"},{"taxonomy":"post_tag","embeddable":true,"href":"https:\/\/www.ifbaiano.edu.br\/unidades\/santaines\/wp-json\/wp\/v2\/tags?post=1036"}],"curies":[{"name":"wp","href":"https:\/\/api.w.org\/{rel}","templated":true}]}}