{"id":10369,"date":"2018-06-13T17:21:05","date_gmt":"2018-06-13T20:21:05","guid":{"rendered":"http:\/\/www.ifbaiano.edu.br\/unidades\/santaines\/?p=10369"},"modified":"2018-06-15T13:36:15","modified_gmt":"2018-06-15T16:36:15","slug":"homologadas-as-inscricoes-do-curso-de-extensao-questao-agraria-pes-no-chao","status":"publish","type":"post","link":"https:\/\/www.ifbaiano.edu.br\/unidades\/santaines\/homologadas-as-inscricoes-do-curso-de-extensao-questao-agraria-pes-no-chao\/","title":{"rendered":"Homologa\u00e7\u00e3o das inscri\u00e7\u00f5es nos Cursos de Qualifica\u00e7\u00e3o Profissional, na modalidade FIC"},"content":{"rendered":"<hr \/>\n<p style=\"text-align: justify\"><a href=\"http:\/\/www.ifbaiano.edu.br\/unidades\/santaines\/if-baiano-campus-santa-ines-oferta-cursos-de-qualificacao-profissional-na-modalidade-de-formacao-inicial-e-continuada-fic\/\"><img decoding=\"async\" loading=\"lazy\" class=\"alignnone wp-image-10370 size-full\" src=\"http:\/\/www.ifbaiano.edu.br\/unidades\/santaines\/files\/2018\/06\/curso-FIC.jpg\" alt=\"curso FIC\" width=\"340\" height=\"104\" \/><\/a>O IF Baiano Campus Santa In\u00eas divulga a <strong>Homologa\u00e7\u00e3o das inscri\u00e7\u00f5es<\/strong> do Processo Seletivo para ingresso de estudantes nos Cursos de Qualifica\u00e7\u00e3o Profissional, na modalidade de Forma\u00e7\u00e3o Inicial e Continuada (FIC).<\/p>\n<p style=\"text-align: justify\">Para ver a homologa\u00e7\u00e3o clique no curso correspondente:<\/p>\n<p style=\"text-align: justify\"><a href=\"http:\/\/www.ifbaiano.edu.br\/unidades\/santaines\/files\/2018\/06\/Homologa\u00e7\u00e3o-Quest\u00e3o-Agr\u00e1ria-P\u00e9s-no-Ch\u00e3o.pdf\"><span style=\"text-decoration: underline\"><strong>&#8220;Quest\u00e3o Agr\u00e1ria &#8216;P\u00e9s no Ch\u00e3o'&#8221;<\/strong><\/span><\/a><\/p>\n<p style=\"text-align: justify\"><a href=\"http:\/\/www.ifbaiano.edu.br\/unidades\/santaines\/files\/2018\/06\/HOMOLOGA\u00c7\u00c3O-Monitoramento-Ambiental-com-\u00canfase-em-Recursos-H\u00eddricos.pdf\"><span style=\"text-decoration: underline\"><strong>\u201cMonitoramento Ambiental com \u00canfase em Recursos H\u00eddricos\u201d<\/strong><\/span><\/a><\/p>\n<p style=\"text-align: justify\">As inscri\u00e7\u00f5es foram realizadas no per\u00edodo de\u00a024 de maio a 05 de junho de 2018.<\/p>\n<p style=\"text-align: justify\">Para saber todas as informa\u00e7\u00f5es acesse o\u00a0<span style=\"text-decoration: underline\"><strong><a href=\"http:\/\/www.ifbaiano.edu.br\/unidades\/santaines\/files\/2018\/05\/EDITAL-CURSOS-FIC.pdf\">Edital n\u00b0. 34 de 18 de maio de 2018<\/a>.<\/strong><\/span><\/p>\n<hr \/>\n<p style=\"text-align: justify\"><a href=\"http:\/\/www.ifbaiano.edu.br\/unidades\/santaines\/files\/2018\/06\/Homologa\u00e7\u00e3o-P\u00f3s-Recurso-Quest\u00e3o-Agr\u00e1ria-P\u00e9s-no-Ch\u00e3o.pdf\">Rela\u00e7\u00e3o candidatos selecionados para matr\u00edcula (homologa\u00e7\u00e3o dos inscritos p\u00f3s recurso)\u00a0-&#8220;Quest\u00e3o Agr\u00e1ria &#8216;P\u00e9s no Ch\u00e3o'&#8221;<\/a><\/p>\n<hr \/>\n<p style=\"text-align: justify\"><a href=\"http:\/\/www.ifbaiano.edu.br\/unidades\/santaines\/files\/2018\/06\/Homologa\u00e7\u00e3o-P\u00f3s-Recurso-Monitoramento-Ambiental-com-\u00canfase-em-Recursos-H\u00eddricos.pdf\">Rela\u00e7\u00e3o candidatos selecionados para matr\u00edcula (homologa\u00e7\u00e3o dos inscritos p\u00f3s recurso)\u00a0-&#8220;Monitoramento Ambiental com \u00canfase em Recursos H\u00eddricos&#8221;<\/a><\/p>\n","protected":false},"excerpt":{"rendered":"<p>O Cursos \u00e9 gratuito e n\u00e3o houve cobran\u00e7a de taxa de inscri\u00e7\u00e3o<\/p>\n","protected":false},"author":86,"featured_media":0,"comment_status":"closed","ping_status":"closed","sticky":false,"template":"","format":"standard","meta":[],"categories":[4,5,10,8,1,57],"tags":[],"_links":{"self":[{"href":"https:\/\/www.ifbaiano.edu.br\/unidades\/santaines\/wp-json\/wp\/v2\/posts\/10369"}],"collection":[{"href":"https:\/\/www.ifbaiano.edu.br\/unidades\/santaines\/wp-json\/wp\/v2\/posts"}],"about":[{"href":"https:\/\/www.ifbaiano.edu.br\/unidades\/santaines\/wp-json\/wp\/v2\/types\/post"}],"author":[{"embeddable":true,"href":"https:\/\/www.ifbaiano.edu.br\/unidades\/santaines\/wp-json\/wp\/v2\/users\/86"}],"replies":[{"embeddable":true,"href":"https:\/\/www.ifbaiano.edu.br\/unidades\/santaines\/wp-json\/wp\/v2\/comments?post=10369"}],"version-history":[{"count":13,"href":"https:\/\/www.ifbaiano.edu.br\/unidades\/santaines\/wp-json\/wp\/v2\/posts\/10369\/revisions"}],"predecessor-version":[{"id":10453,"href":"https:\/\/www.ifbaiano.edu.br\/unidades\/santaines\/wp-json\/wp\/v2\/posts\/10369\/revisions\/10453"}],"wp:attachment":[{"href":"https:\/\/www.ifbaiano.edu.br\/unidades\/santaines\/wp-json\/wp\/v2\/media?parent=10369"}],"wp:term":[{"taxonomy":"category","embeddable":true,"href":"https:\/\/www.ifbaiano.edu.br\/unidades\/santaines\/wp-json\/wp\/v2\/categories?post=10369"},{"taxonomy":"post_tag","embeddable":true,"href":"https:\/\/www.ifbaiano.edu.br\/unidades\/santaines\/wp-json\/wp\/v2\/tags?post=10369"}],"curies":[{"name":"wp","href":"https:\/\/api.w.org\/{rel}","templated":true}]}}