{"id":10396,"date":"2018-06-08T12:46:57","date_gmt":"2018-06-08T15:46:57","guid":{"rendered":"http:\/\/www.ifbaiano.edu.br\/unidades\/santaines\/?p=10396"},"modified":"2018-06-08T12:48:49","modified_gmt":"2018-06-08T15:48:49","slug":"projeto-de-extensao-articulacao-de-mulheres-do-vale-jiquirica-acoes-que-buscam-fortalecer-o-trabalho-coletivo-feminino","status":"publish","type":"post","link":"https:\/\/www.ifbaiano.edu.br\/unidades\/santaines\/projeto-de-extensao-articulacao-de-mulheres-do-vale-jiquirica-acoes-que-buscam-fortalecer-o-trabalho-coletivo-feminino\/","title":{"rendered":"Projeto de extens\u00e3o &#8220;Articula\u00e7\u00e3o de Mulheres do Vale Jiquiri\u00e7\u00e1&#8221; &#8211; A\u00e7\u00f5es que buscam fortalecer o trabalho coletivo feminino"},"content":{"rendered":"<hr \/>\n<p align=\"justify\"><span style=\"font-size: medium\"> <a href=\"http:\/\/www.ifbaiano.edu.br\/unidades\/santaines\/files\/2018\/06\/2.jpg\"><img decoding=\"async\" loading=\"lazy\" class=\"alignnone wp-image-10398\" src=\"http:\/\/www.ifbaiano.edu.br\/unidades\/santaines\/files\/2018\/06\/2.jpg\" alt=\"2\" width=\"304\" height=\"228\" \/><\/a> O projeto de extens\u00e3o &#8220;Articula\u00e7\u00e3o de Mulheres do Vale Jiquiri\u00e7\u00e1&#8221; dando continuidade \u00e0s a\u00e7\u00f5es que buscam fortalecer o trabalho coletivo feminino, promoveu, no \u00faltimo dia 16, um encontro para exercitar uma atividade colaborativa a partir da cultura da araruta. <\/span><\/p>\n<p align=\"justify\"><span style=\"font-size: medium\">Participaram da atividade membras de tr\u00eas assentamentos: Associa\u00e7\u00e3o Hermes de Caires e Associa\u00e7\u00e3o Natur de Assis do munic\u00edpio Santa In\u00eas-BA e Associa\u00e7\u00e3o do Projeto For\u00e7a Jovem, de Uba\u00edra-BA. <\/span><\/p>\n<p align=\"justify\"><span style=\"font-size: medium\">A assentada Raimunda Santos foi respons\u00e1vel por socializar seu conhecimento sobre processamento de f\u00e9cula e de farinha de araruta para as demais agricultoras. <\/span><\/p>\n<p align=\"justify\"><span style=\"font-size: medium\">Os servidores do IF Baiano Campus Santa In\u00eas Rita Garcia, Jovan de Jesus e Cl\u00f3vis Costa atuaram como dinamizadores da a\u00e7\u00e3o que teve por inten\u00e7\u00e3o aproximar comunidades rurais e, principalmente, mostrar ao pr\u00f3prio grupo o sujeito campon\u00eas como protagonista na troca de saberes e na constru\u00e7\u00e3o da Agroecologia e n\u00e3o apenas participantes de uma oficina. <\/span><\/p>\n<p align=\"justify\"><span style=\"font-size: medium\">A atividade finalizou com distribui\u00e7\u00e3o de mudas de araruta para plantio nos assentamentos e resgate da cultura.<\/span><\/p>\n<hr \/>\n<p align=\"justify\"><a href=\"http:\/\/www.ifbaiano.edu.br\/unidades\/santaines\/files\/2018\/06\/4.jpg\"><img decoding=\"async\" loading=\"lazy\" class=\"alignnone wp-image-10400\" src=\"http:\/\/www.ifbaiano.edu.br\/unidades\/santaines\/files\/2018\/06\/4.jpg\" alt=\"4\" width=\"176\" height=\"132\" \/><\/a><img decoding=\"async\" loading=\"lazy\" class=\"alignnone wp-image-10401\" src=\"http:\/\/www.ifbaiano.edu.br\/unidades\/santaines\/files\/2018\/06\/5.jpg\" alt=\"5\" width=\"172\" height=\"129\" \/><a href=\"http:\/\/www.ifbaiano.edu.br\/unidades\/santaines\/files\/2018\/06\/3.jpg\"><img decoding=\"async\" loading=\"lazy\" class=\"alignnone wp-image-10399\" src=\"http:\/\/www.ifbaiano.edu.br\/unidades\/santaines\/files\/2018\/06\/3.jpg\" alt=\"3\" width=\"177\" height=\"133\" \/><\/a><a href=\"http:\/\/www.ifbaiano.edu.br\/unidades\/santaines\/files\/2018\/06\/1.jpg\"><img decoding=\"async\" loading=\"lazy\" class=\"alignnone wp-image-10397\" src=\"http:\/\/www.ifbaiano.edu.br\/unidades\/santaines\/files\/2018\/06\/1.jpg\" alt=\"1\" width=\"179\" height=\"134\" \/><\/a><\/p>\n<p align=\"justify\">\n","protected":false},"excerpt":{"rendered":"<p>Atividade colaborativa a partir da cultura da araruta, aconteceu dia 16 de maio de 2018.<\/p>\n","protected":false},"author":86,"featured_media":0,"comment_status":"closed","ping_status":"closed","sticky":false,"template":"","format":"standard","meta":[],"categories":[4,23,10,57],"tags":[],"_links":{"self":[{"href":"https:\/\/www.ifbaiano.edu.br\/unidades\/santaines\/wp-json\/wp\/v2\/posts\/10396"}],"collection":[{"href":"https:\/\/www.ifbaiano.edu.br\/unidades\/santaines\/wp-json\/wp\/v2\/posts"}],"about":[{"href":"https:\/\/www.ifbaiano.edu.br\/unidades\/santaines\/wp-json\/wp\/v2\/types\/post"}],"author":[{"embeddable":true,"href":"https:\/\/www.ifbaiano.edu.br\/unidades\/santaines\/wp-json\/wp\/v2\/users\/86"}],"replies":[{"embeddable":true,"href":"https:\/\/www.ifbaiano.edu.br\/unidades\/santaines\/wp-json\/wp\/v2\/comments?post=10396"}],"version-history":[{"count":10,"href":"https:\/\/www.ifbaiano.edu.br\/unidades\/santaines\/wp-json\/wp\/v2\/posts\/10396\/revisions"}],"predecessor-version":[{"id":10411,"href":"https:\/\/www.ifbaiano.edu.br\/unidades\/santaines\/wp-json\/wp\/v2\/posts\/10396\/revisions\/10411"}],"wp:attachment":[{"href":"https:\/\/www.ifbaiano.edu.br\/unidades\/santaines\/wp-json\/wp\/v2\/media?parent=10396"}],"wp:term":[{"taxonomy":"category","embeddable":true,"href":"https:\/\/www.ifbaiano.edu.br\/unidades\/santaines\/wp-json\/wp\/v2\/categories?post=10396"},{"taxonomy":"post_tag","embeddable":true,"href":"https:\/\/www.ifbaiano.edu.br\/unidades\/santaines\/wp-json\/wp\/v2\/tags?post=10396"}],"curies":[{"name":"wp","href":"https:\/\/api.w.org\/{rel}","templated":true}]}}