{"id":10415,"date":"2018-06-08T14:23:48","date_gmt":"2018-06-08T17:23:48","guid":{"rendered":"http:\/\/www.ifbaiano.edu.br\/unidades\/santaines\/?p=10415"},"modified":"2018-06-12T08:48:00","modified_gmt":"2018-06-12T11:48:00","slug":"lancado-livro-que-reune-experiencias-do-if-baiano-na-area-de-educacao-ambiental","status":"publish","type":"post","link":"https:\/\/www.ifbaiano.edu.br\/unidades\/santaines\/lancado-livro-que-reune-experiencias-do-if-baiano-na-area-de-educacao-ambiental\/","title":{"rendered":"Lan\u00e7ado livro que re\u00fane experi\u00eancias do IF Baiano na \u00e1rea de educa\u00e7\u00e3o ambiental"},"content":{"rendered":"<hr \/>\n<p style=\"text-align: justify\">\u00a0 <a href=\"http:\/\/www.ifbaiano.edu.br\/unidades\/santaines\/files\/2018\/06\/livro-educacao-meio-ambiente-ifbaiano-1-1.jpg\"><img decoding=\"async\" loading=\"lazy\" class=\"alignnone wp-image-10418\" src=\"http:\/\/www.ifbaiano.edu.br\/unidades\/santaines\/files\/2018\/06\/livro-educacao-meio-ambiente-ifbaiano-1-1.jpg\" alt=\"livro-educacao-meio-ambiente-ifbaiano-1-1\" width=\"273\" height=\"164\" \/><\/a> O livro \u201cEduca\u00e7\u00e3o, meio ambiente e comunidade\u201d, que re\u00fane experi\u00eancias positivas de pesquisadores do Instituto Federal de Educa\u00e7\u00e3o, Ci\u00eancia e Tecnologia Baiano (IF Baiano), foi lan\u00e7ado nesta ter\u00e7a-feira, 5, durante o XVII Festival de Livros e Autores da UFBA. Outros 23 novos t\u00edtulos foram lan\u00e7ados no evento, que aconteceu no Palacete das Artes, em Salvador.<\/p>\n<p style=\"text-align: justify\">Organizado pela docente Joana Fidelis, a publica\u00e7\u00e3o re\u00fane uma s\u00e9rie de artigos escritos por docentes e estudantes do IF Baiano. Os relatos tratam de projetos e a\u00e7\u00f5es de ensino, pesquisa e extens\u00e3o que ampliaram as discuss\u00f5es sobres temas ambientais na educa\u00e7\u00e3o profissional t\u00e9cnica de n\u00edvel m\u00e9dio. A colet\u00e2nea \u00e9 resultado de projeto apoiado por chamada interna da Propes\/IF Baiano e foi publicada pela editora da Universidade Federal da Bahia, Edufba.<\/p>\n<p style=\"text-align: justify\">Segundo Fidelis, a ideia foi de reunir relatos de pesquisadores de diversos\u00a0<em>campi<\/em>\u00a0da institui\u00e7\u00e3o, atuantes na \u00e1rea ambiental e desenvolvedores de projetos de ensino, pesquisa e extens\u00e3o. \u201cEsses trabalhos, uma vez publicados, servem de refer\u00eancia para outros que possam vir a ser realizados futuramente\u201d, destacou a autora.<\/p>\n<p style=\"text-align: justify\">A docente do IF Baiano, Maria Arlinda, autora de um dos cap\u00edtulos comentou sobre a import\u00e2ncia das a\u00e7\u00f5es retratadas no livro. \u201cVale a pena ser lido por que mostra, inclusive, como a gente pode atuar junto a outras comunidades, ouvindo, conhecendo a necessidade e, a partir disso, vendo como a gente enquanto Instituto pode chegar para contribuir com o desenvolvimento local\u201d.<\/p>\n<p style=\"text-align: justify\">Outro pesquisador convidado para a colet\u00e2nea, o docente Jos\u00e9 Rodrigues, destacou a contribui\u00e7\u00e3o que o livro traz ao mostrar que a pesquisa serve para o desenvolvimento institucional e tamb\u00e9m para o desenvolvimento cidad\u00e3o.<\/p>\n<hr \/>\n<p>Fonte: https:\/\/bit.ly\/2kYFrF0<\/p>\n<p style=\"text-align: justify\"><a href=\"http:\/\/www.ifbaiano.edu.br\/unidades\/santaines\/files\/2018\/06\/2.jpeg\"><img decoding=\"async\" loading=\"lazy\" class=\"alignnone wp-image-10417\" src=\"http:\/\/www.ifbaiano.edu.br\/unidades\/santaines\/files\/2018\/06\/3-1.jpg\" alt=\"3\" width=\"170\" height=\"127\" \/><img decoding=\"async\" loading=\"lazy\" class=\"alignnone wp-image-10416\" src=\"http:\/\/www.ifbaiano.edu.br\/unidades\/santaines\/files\/2018\/06\/1-1.jpg\" alt=\"1\" width=\"171\" height=\"128\" \/><img decoding=\"async\" loading=\"lazy\" class=\"alignnone wp-image-10420\" src=\"http:\/\/www.ifbaiano.edu.br\/unidades\/santaines\/files\/2018\/06\/4.jpeg\" alt=\"4\" width=\"170\" height=\"127\" \/><img decoding=\"async\" loading=\"lazy\" class=\"alignnone wp-image-10419\" src=\"http:\/\/www.ifbaiano.edu.br\/unidades\/santaines\/files\/2018\/06\/2.jpeg\" alt=\"2\" width=\"170\" height=\"128\" \/><\/a><\/p>\n","protected":false},"excerpt":{"rendered":"<p>Publica\u00e7\u00e3o foi lan\u00e7ada durante o XVII Festival de Livros e Autores da UFBA, em Salvador.<\/p>\n","protected":false},"author":86,"featured_media":0,"comment_status":"closed","ping_status":"closed","sticky":false,"template":"","format":"standard","meta":[],"categories":[4,5,37,10,57],"tags":[],"_links":{"self":[{"href":"https:\/\/www.ifbaiano.edu.br\/unidades\/santaines\/wp-json\/wp\/v2\/posts\/10415"}],"collection":[{"href":"https:\/\/www.ifbaiano.edu.br\/unidades\/santaines\/wp-json\/wp\/v2\/posts"}],"about":[{"href":"https:\/\/www.ifbaiano.edu.br\/unidades\/santaines\/wp-json\/wp\/v2\/types\/post"}],"author":[{"embeddable":true,"href":"https:\/\/www.ifbaiano.edu.br\/unidades\/santaines\/wp-json\/wp\/v2\/users\/86"}],"replies":[{"embeddable":true,"href":"https:\/\/www.ifbaiano.edu.br\/unidades\/santaines\/wp-json\/wp\/v2\/comments?post=10415"}],"version-history":[{"count":3,"href":"https:\/\/www.ifbaiano.edu.br\/unidades\/santaines\/wp-json\/wp\/v2\/posts\/10415\/revisions"}],"predecessor-version":[{"id":10424,"href":"https:\/\/www.ifbaiano.edu.br\/unidades\/santaines\/wp-json\/wp\/v2\/posts\/10415\/revisions\/10424"}],"wp:attachment":[{"href":"https:\/\/www.ifbaiano.edu.br\/unidades\/santaines\/wp-json\/wp\/v2\/media?parent=10415"}],"wp:term":[{"taxonomy":"category","embeddable":true,"href":"https:\/\/www.ifbaiano.edu.br\/unidades\/santaines\/wp-json\/wp\/v2\/categories?post=10415"},{"taxonomy":"post_tag","embeddable":true,"href":"https:\/\/www.ifbaiano.edu.br\/unidades\/santaines\/wp-json\/wp\/v2\/tags?post=10415"}],"curies":[{"name":"wp","href":"https:\/\/api.w.org\/{rel}","templated":true}]}}