{"id":10467,"date":"2018-06-21T15:29:23","date_gmt":"2018-06-21T18:29:23","guid":{"rendered":"http:\/\/www.ifbaiano.edu.br\/unidades\/santaines\/?p=10467"},"modified":"2018-06-21T15:43:29","modified_gmt":"2018-06-21T18:43:29","slug":"10467-2","status":"publish","type":"post","link":"https:\/\/www.ifbaiano.edu.br\/unidades\/santaines\/10467-2\/","title":{"rendered":"Publicado Edital e Cronograma do Programa de Assist\u00eancia e Inclus\u00e3o Social do Estudante &#8211; PAISE"},"content":{"rendered":"<p>A Dire\u00e7\u00e3o geral do <em>Campus<\/em> Santa In\u00eas torna p\u00fablico o Edital, o Cronograma e demais documentos correlatos referentes ao Programa de Assist\u00eancia e Inclus\u00e3o Social do Estudante &#8211; PAISE<\/p>\n<p><strong><a href=\"http:\/\/www.ifbaiano.edu.br\/unidades\/santaines\/files\/2018\/06\/Edital-PAISE-2018.2-Retificado.pdf\" target=\"_blank\">ACESSAR O EDITAL<\/a><\/strong><br \/>\n<strong>NOTA &#8211; <a href=\"http:\/\/www.ifbaiano.edu.br\/unidades\/santaines\/files\/2018\/06\/NOTA_EXCLUSAO_AUXILIO_EVENTUAL.pdf\" target=\"_blank\">EXCLUS\u00c3O DO AUX\u00cdLIO EVENTUAL<\/a><\/strong><br \/>\n<strong>NOTA &#8211; <a href=\"http:\/\/www.ifbaiano.edu.br\/unidades\/santaines\/files\/2018\/06\/NOTAcronogramapaise2018retificado.pdf\" target=\"_blank\">CROOGRAMA PAISE 2018 &#8211; RETIFICADO<\/a><\/strong><br \/>\n<strong>NOTA &#8211; <a href=\"http:\/\/www.ifbaiano.edu.br\/unidades\/santaines\/files\/2018\/06\/Paise_2018Cronomgrama_Santa_Ines_retificado.pdf\" target=\"_blank\">TABELA DO CRONOGRAMA PAISE 2018 &#8211;<br \/>\n(Aux\u00edlio \/ benef\u00edcio)RETIFICADO<\/a><\/strong><br \/>\n<strong>NOTA &#8211; <a href=\"http:\/\/www.ifbaiano.edu.br\/unidades\/santaines\/files\/2018\/06\/NOTArecursosassistenciaestudantil.pdf\" target=\"_blank\">DIVIS\u00c3O PARA AMPLIA\u00c7\u00c3O DA ASSIST\u00caNCIA<\/a><\/strong><\/p>\n<p><strong>NOTA &#8211;\u00a0<a href=\"http:\/\/www.ifbaiano.edu.br\/unidades\/santaines\/files\/2018\/06\/Recursos_2018_Assistencia-EstudantilRetificado.pdf\" target=\"_blank\">VALORES AMPLOS REFERENTES AOS RECURSOS DESTINADOS AO PROGRAMAS DA ASSIST\u00caNCIA ESTUDANTIL<\/a><\/strong><\/p>\n<p style=\"text-align: right\">Santa In\u00eas, 21 de junho de 2018<\/p>\n<p>O Programa PAISE (Pol\u00edtica de Assist\u00eancia Estudantil, visa contribuir para o bem estar biopsicossocial, perman\u00eancia<br \/>\ne \u00eaxito nas atividades acad\u00eamicas de estudantes em vulnerabilidade socioecon\u00f4mica.<\/p>\n","protected":false},"excerpt":{"rendered":"<p>A Dire\u00e7\u00e3o geral do Campus Santa In\u00eas torna p\u00fablico o Edital, o Cronograma e demais documentos correlatos referentes ao Programa de Assist\u00eancia e Inclus\u00e3o Social do Estudante &#8211; PAISE<\/p>\n","protected":false},"author":7,"featured_media":0,"comment_status":"closed","ping_status":"closed","sticky":false,"template":"","format":"standard","meta":[],"categories":[4,38,5,10,57],"tags":[],"_links":{"self":[{"href":"https:\/\/www.ifbaiano.edu.br\/unidades\/santaines\/wp-json\/wp\/v2\/posts\/10467"}],"collection":[{"href":"https:\/\/www.ifbaiano.edu.br\/unidades\/santaines\/wp-json\/wp\/v2\/posts"}],"about":[{"href":"https:\/\/www.ifbaiano.edu.br\/unidades\/santaines\/wp-json\/wp\/v2\/types\/post"}],"author":[{"embeddable":true,"href":"https:\/\/www.ifbaiano.edu.br\/unidades\/santaines\/wp-json\/wp\/v2\/users\/7"}],"replies":[{"embeddable":true,"href":"https:\/\/www.ifbaiano.edu.br\/unidades\/santaines\/wp-json\/wp\/v2\/comments?post=10467"}],"version-history":[{"count":9,"href":"https:\/\/www.ifbaiano.edu.br\/unidades\/santaines\/wp-json\/wp\/v2\/posts\/10467\/revisions"}],"predecessor-version":[{"id":10483,"href":"https:\/\/www.ifbaiano.edu.br\/unidades\/santaines\/wp-json\/wp\/v2\/posts\/10467\/revisions\/10483"}],"wp:attachment":[{"href":"https:\/\/www.ifbaiano.edu.br\/unidades\/santaines\/wp-json\/wp\/v2\/media?parent=10467"}],"wp:term":[{"taxonomy":"category","embeddable":true,"href":"https:\/\/www.ifbaiano.edu.br\/unidades\/santaines\/wp-json\/wp\/v2\/categories?post=10467"},{"taxonomy":"post_tag","embeddable":true,"href":"https:\/\/www.ifbaiano.edu.br\/unidades\/santaines\/wp-json\/wp\/v2\/tags?post=10467"}],"curies":[{"name":"wp","href":"https:\/\/api.w.org\/{rel}","templated":true}]}}