{"id":10494,"date":"2018-07-03T10:42:31","date_gmt":"2018-07-03T13:42:31","guid":{"rendered":"http:\/\/www.ifbaiano.edu.br\/unidades\/santaines\/?p=10494"},"modified":"2018-07-04T14:09:23","modified_gmt":"2018-07-04T17:09:23","slug":"lancado-edital-de-apoio-a-projetos-de-extensao","status":"publish","type":"post","link":"https:\/\/www.ifbaiano.edu.br\/unidades\/santaines\/lancado-edital-de-apoio-a-projetos-de-extensao\/","title":{"rendered":"Lan\u00e7ado edital de apoio a projetos de extens\u00e3o"},"content":{"rendered":"<hr \/>\n<p><img decoding=\"async\" loading=\"lazy\" class=\"\" src=\"http:\/\/ifbaiano.edu.br\/portal\/wp-content\/uploads\/2018\/06\/imagem-pibiex-2018.jpg\" alt=\"Imagem da noticia \" width=\"515\" height=\"326\" \/><\/p>\n<p class=\"western\" style=\"text-align: justify\">A Pr\u00f3-Reitoria de Extens\u00e3o do IF Baiano (Proex) lan\u00e7ou hoje, 26, edital de sele\u00e7\u00e3o de projetos de extens\u00e3o para concess\u00e3o de bolsas de inicia\u00e7\u00e3o em extens\u00e3o nas modalidades J\u00fanior e Superior.\u00a0<strong>As inscri\u00e7\u00f5es estar\u00e3o abertas no per\u00edodo de 3 a 23 jullho de 2018.<\/strong><\/p>\n<p class=\"western\" style=\"text-align: justify\">A a\u00e7\u00e3o faz parte do Programa Institucional de Bolsas de Inicia\u00e7\u00e3o em Extens\u00e3o do IF Baiano e visa estimular os estudantes do ensino m\u00e9dio, t\u00e9cnico e superior a participar de atividades de extens\u00e3o profissional, cient\u00edfica e tecnol\u00f3gica, atrav\u00e9s do desenvolvimento de projetos.<\/p>\n<p class=\"western\" style=\"text-align: justify\">Poder\u00e3o ser submetidos na modalidade J\u00fanior projetos de estudantes dos cursos do ensino m\u00e9dio t\u00e9cnico. Para a modalidade, o edital prev\u00ea aux\u00edlio financeiro de at\u00e9 R$ 1.200,00 para o projeto contemplado e concess\u00e3o de duas Bolsas de Inicia\u00e7\u00e3o em Extens\u00e3o, no valor de R$ 100,00 cada.<\/p>\n<p class=\"western\" style=\"text-align: justify\">J\u00e1 na modalidade Superior, poder\u00e3o submeter projetos, estudantes dos cursos de gradua\u00e7\u00e3o. Nesse caso, cada projeto de extens\u00e3o selecionado ter\u00e1 o aux\u00edlio financeiro de at\u00e9 R$ 2.400,00 e ser\u00e3o ofertadas duas bolsas, no valor de R$400,00 cada.<\/p>\n<p class=\"western\" style=\"text-align: justify\">Informa\u00e7\u00f5es completas sobre normas e procedimentos est\u00e3o dispostas no\u00a0<b><a href=\"http:\/\/concurso.ifbaiano.edu.br\/portal\/pibiex2018\/wp-content\/uploads\/sites\/165\/2018\/06\/Edital-PBIEX-N%C2%BA-02.pdf\" target=\"_blank\">Edital Proex 02\/2018<\/a><\/b>. Acompanhe as atualiza\u00e7\u00f5es sobre a sele\u00e7\u00e3o\u00a0<strong><a href=\"http:\/\/concurso.ifbaiano.edu.br\/portal\/pibiex2018\/\">nesta p\u00e1gina<\/a><\/strong>.<\/p>\n<hr \/>\n<p class=\"western\"><strong>Fonte:\u00a0<\/strong>http:\/\/ifbaiano.edu.br\/portal\/blog\/2018\/06\/26\/lancado-edital-de-concessao-de-bolsas-para-projetos-de-extensao\/<\/p>\n","protected":false},"excerpt":{"rendered":"<p>Estudantes do ensino m\u00e9dio e superior podem concorrer \u00e0s bolsas ofertadas.<\/p>\n","protected":false},"author":86,"featured_media":0,"comment_status":"closed","ping_status":"closed","sticky":false,"template":"","format":"standard","meta":[],"categories":[1,57],"tags":[],"_links":{"self":[{"href":"https:\/\/www.ifbaiano.edu.br\/unidades\/santaines\/wp-json\/wp\/v2\/posts\/10494"}],"collection":[{"href":"https:\/\/www.ifbaiano.edu.br\/unidades\/santaines\/wp-json\/wp\/v2\/posts"}],"about":[{"href":"https:\/\/www.ifbaiano.edu.br\/unidades\/santaines\/wp-json\/wp\/v2\/types\/post"}],"author":[{"embeddable":true,"href":"https:\/\/www.ifbaiano.edu.br\/unidades\/santaines\/wp-json\/wp\/v2\/users\/86"}],"replies":[{"embeddable":true,"href":"https:\/\/www.ifbaiano.edu.br\/unidades\/santaines\/wp-json\/wp\/v2\/comments?post=10494"}],"version-history":[{"count":2,"href":"https:\/\/www.ifbaiano.edu.br\/unidades\/santaines\/wp-json\/wp\/v2\/posts\/10494\/revisions"}],"predecessor-version":[{"id":10496,"href":"https:\/\/www.ifbaiano.edu.br\/unidades\/santaines\/wp-json\/wp\/v2\/posts\/10494\/revisions\/10496"}],"wp:attachment":[{"href":"https:\/\/www.ifbaiano.edu.br\/unidades\/santaines\/wp-json\/wp\/v2\/media?parent=10494"}],"wp:term":[{"taxonomy":"category","embeddable":true,"href":"https:\/\/www.ifbaiano.edu.br\/unidades\/santaines\/wp-json\/wp\/v2\/categories?post=10494"},{"taxonomy":"post_tag","embeddable":true,"href":"https:\/\/www.ifbaiano.edu.br\/unidades\/santaines\/wp-json\/wp\/v2\/tags?post=10494"}],"curies":[{"name":"wp","href":"https:\/\/api.w.org\/{rel}","templated":true}]}}