{"id":10505,"date":"2018-07-04T11:26:54","date_gmt":"2018-07-04T14:26:54","guid":{"rendered":"http:\/\/www.ifbaiano.edu.br\/unidades\/santaines\/?p=10505"},"modified":"2018-07-04T11:26:54","modified_gmt":"2018-07-04T14:26:54","slug":"nova-data-da-ii-semana-de-geografia-do-if-baiano-campus-santa-ines","status":"publish","type":"post","link":"https:\/\/www.ifbaiano.edu.br\/unidades\/santaines\/nova-data-da-ii-semana-de-geografia-do-if-baiano-campus-santa-ines\/","title":{"rendered":"Nova data da II Semana de Geografia do IF Baiano Campus Santa In\u00eas"},"content":{"rendered":"<hr \/>\n<p style=\"text-align: justify\" align=\"center\"><a href=\"http:\/\/www.ifbaiano.edu.br\/unidades\/santaines\/files\/2018\/07\/NOVA-PROGRAMA\u00c7\u00c3O-II-SEMANA-GEOGRAFIA.pdf\"><img decoding=\"async\" loading=\"lazy\" class=\"alignnone wp-image-10503\" src=\"http:\/\/www.ifbaiano.edu.br\/unidades\/santaines\/files\/2018\/07\/Semana-Geografia.jpg\" alt=\"Semana Geografia\" width=\"815\" height=\"364\" \/><\/a><\/p>\n<p style=\"text-align: justify\" align=\"center\"><span style=\"color: #ffffff\">..<\/span><\/p>\n<p style=\"text-align: justify\" align=\"center\"><span style=\"font-family: Arial, serif\"><span style=\"font-size: medium\">A Semana de Geografia do IF Baiano\u00a0<\/span><\/span><span style=\"font-family: Arial, serif\"><span style=\"font-size: medium\"><i>Campus\u00a0<\/i><\/span><\/span><span style=\"font-family: Arial, serif\"><span style=\"font-size: medium\">Santa In\u00eas \u00e9 um espa\u00e7o de discuss\u00e3o e aperfei\u00e7oamento para a forma\u00e7\u00e3o acad\u00eamica dos estudantes da Licenciatura desta institui\u00e7\u00e3o. Sua primeira edi\u00e7\u00e3o, foi no ano de 2015, com o tema\u00a0<\/span><\/span><span style=\"font-family: Arial, serif\"><span style=\"font-size: medium\"><b>\u201cProfessores de Geografia: seres pensantes, instigantes e atuantes\u201d.<\/b><\/span><\/span><\/p>\n<p style=\"text-align: justify\" align=\"center\"><a href=\"http:\/\/www.ifbaiano.edu.br\/unidades\/santaines\/files\/2018\/07\/RELA\u00c7\u00c3O-TRABALHOS-QUE-SER\u00c3O-APRESENTADOS-II-SEMANA-GEOGRAFIA.pdf\"><img decoding=\"async\" loading=\"lazy\" class=\"alignnone wp-image-10296\" src=\"http:\/\/www.ifbaiano.edu.br\/unidades\/santaines\/files\/2018\/04\/Semana-Geografia.jpg\" alt=\"Semana Geografia\" width=\"828\" height=\"633\" \/><\/a><\/p>\n<p style=\"text-align: justify\" align=\"justify\"><span style=\"font-family: Arial, serif\"><span style=\"font-size: medium\">Em 2018, preparamos a segunda edi\u00e7\u00e3o desse evento numa conjuntura marcada pela necessidade de repensar a forma\u00e7\u00e3o do Professor de Geografia, especialmente por conta do cen\u00e1rio atual de perdas de direitos e da publica\u00e7\u00e3o da Medida Provis\u00f3ria n\u00b0. 746 de 22\/09\/2016 que desobriga a oferta da disciplina Geografia, assim como Hist\u00f3ria, no Ensino M\u00e9dio.<\/span><\/span><\/p>\n<p style=\"text-align: justify\" align=\"justify\"><span style=\"font-family: Arial, serif\"><span style=\"font-size: medium\">Esse contexto, nos leva a discutir a nossa pr\u00e1tica docente e a import\u00e2ncia da Geografia como instrumento de forma\u00e7\u00e3o para a cidadania, principalmente enquanto componente curricular que problematiza a forma\u00e7\u00e3o socioespacial, a produ\u00e7\u00e3o\/reprodu\u00e7\u00e3o do espa\u00e7o e as investidas do capital financeiro nacional\/internacional em sua \u00e2nsia por transformar tudo em mercadoria, inclusive a educa\u00e7\u00e3o.<\/span><\/span><\/p>\n<p style=\"text-align: justify\" align=\"justify\"><span style=\"font-family: Arial, serif\"><span style=\"font-size: medium\">Diante de tudo isso, a II Semana de Geografia do IF Baiano Campus Santa In\u00eas tem como tema\u00a0<\/span><\/span><span style=\"font-family: Arial, serif\"><span style=\"font-size: medium\"><b>\u201cA forma\u00e7\u00e3o dos professores de Geografia na atual conjuntura\u201d\u00a0<\/b><\/span><\/span><span style=\"font-family: Arial, serif\"><span style=\"font-size: medium\">que acontecer\u00e1 nos dias 18, 19 e 20 de julho de 2018.<\/span><\/span><\/p>\n<hr \/>\n<div><span style=\"text-decoration: underline\"><strong>Saiba mais:<\/strong><\/span><\/div>\n<div><strong>Clicando na primeira imagem voc\u00ea ter\u00e1 acesso a programa\u00e7\u00e3o ou clique <a href=\"http:\/\/www.ifbaiano.edu.br\/unidades\/santaines\/files\/2018\/07\/NOVA-PROGRAMA\u00c7\u00c3O-II-SEMANA-GEOGRAFIA.pdf\">AQUI<\/a>. <\/strong><\/div>\n<div><strong>Na segunda imagem ou <a href=\"http:\/\/www.ifbaiano.edu.br\/unidades\/santaines\/files\/2018\/07\/RELA\u00c7\u00c3O-TRABALHOS-QUE-SER\u00c3O-APRESENTADOS-II-SEMANA-GEOGRAFIA.pdf\">AQUI<\/a> voc\u00ea ter\u00e1 acesso aos trabalhos que ser\u00e3o apresentados durante o evento.<\/strong><\/div>\n<div>\n<hr \/>\n<\/div>\n","protected":false},"excerpt":{"rendered":"<p>O evento ocorrer\u00e1 nos dias 18, 19 e 20 de julho de 2018<\/p>\n","protected":false},"author":86,"featured_media":0,"comment_status":"closed","ping_status":"closed","sticky":false,"template":"","format":"standard","meta":[],"categories":[4,20,12,5,10,57],"tags":[],"_links":{"self":[{"href":"https:\/\/www.ifbaiano.edu.br\/unidades\/santaines\/wp-json\/wp\/v2\/posts\/10505"}],"collection":[{"href":"https:\/\/www.ifbaiano.edu.br\/unidades\/santaines\/wp-json\/wp\/v2\/posts"}],"about":[{"href":"https:\/\/www.ifbaiano.edu.br\/unidades\/santaines\/wp-json\/wp\/v2\/types\/post"}],"author":[{"embeddable":true,"href":"https:\/\/www.ifbaiano.edu.br\/unidades\/santaines\/wp-json\/wp\/v2\/users\/86"}],"replies":[{"embeddable":true,"href":"https:\/\/www.ifbaiano.edu.br\/unidades\/santaines\/wp-json\/wp\/v2\/comments?post=10505"}],"version-history":[{"count":3,"href":"https:\/\/www.ifbaiano.edu.br\/unidades\/santaines\/wp-json\/wp\/v2\/posts\/10505\/revisions"}],"predecessor-version":[{"id":10511,"href":"https:\/\/www.ifbaiano.edu.br\/unidades\/santaines\/wp-json\/wp\/v2\/posts\/10505\/revisions\/10511"}],"wp:attachment":[{"href":"https:\/\/www.ifbaiano.edu.br\/unidades\/santaines\/wp-json\/wp\/v2\/media?parent=10505"}],"wp:term":[{"taxonomy":"category","embeddable":true,"href":"https:\/\/www.ifbaiano.edu.br\/unidades\/santaines\/wp-json\/wp\/v2\/categories?post=10505"},{"taxonomy":"post_tag","embeddable":true,"href":"https:\/\/www.ifbaiano.edu.br\/unidades\/santaines\/wp-json\/wp\/v2\/tags?post=10505"}],"curies":[{"name":"wp","href":"https:\/\/api.w.org\/{rel}","templated":true}]}}