{"id":10513,"date":"2018-07-05T14:23:03","date_gmt":"2018-07-05T17:23:03","guid":{"rendered":"http:\/\/www.ifbaiano.edu.br\/unidades\/santaines\/?p=10513"},"modified":"2018-07-05T14:23:03","modified_gmt":"2018-07-05T17:23:03","slug":"saiu-a-lista-de-espera-classificacao-sisu-2018-2","status":"publish","type":"post","link":"https:\/\/www.ifbaiano.edu.br\/unidades\/santaines\/saiu-a-lista-de-espera-classificacao-sisu-2018-2\/","title":{"rendered":"Saiu a Lista de Espera &#8211; Classifica\u00e7\u00e3o SISU 2018.2"},"content":{"rendered":"<hr \/>\n<p style=\"text-align: justify\"><a href=\"http:\/\/concurso.ifbaiano.edu.br\/portal\/sisu20182\/\"><img decoding=\"async\" loading=\"lazy\" class=\"alignnone wp-image-10514\" src=\"http:\/\/www.ifbaiano.edu.br\/unidades\/santaines\/files\/2018\/07\/SISU.jpg\" alt=\"SISU\" width=\"792\" height=\"526\" \/><\/a>O Reitor do Instituto Federal de Educa\u00e7\u00e3o, Ci\u00eancia e Tecnologia Baiano \u2013 IF Baiano, Institui\u00e7\u00e3o criada pela Lei n\u00b0. 11.892, de 29 de dezembro de 2008, publicada no Di\u00e1rio Oficial da Uni\u00e3o \u2013 D.O.U. do dia subsequente, no uso de suas atribui\u00e7\u00f5es legais, considerando o disposto no DECRETO PRESIDENCIAL DE 25 DE ABRIL DE 2018, no Edital N\u00ba 89 de 26 de outubro de 2016 da Secretaria de Educa\u00e7\u00e3o Superior \u2013 SESU, e no Edital N\u00ba 5, de 13 de janeiro de 2017, da Secretaria de Educa\u00e7\u00e3o Superior \u2013 SESU, torna p\u00fablico que a sele\u00e7\u00e3o de estudantes para provimento de vagas nos cursos de gradua\u00e7\u00e3o ofertadas pelo Instituto Federal de Educa\u00e7\u00e3o Ci\u00eancia e Tecnologia Baiano, para ingresso no 2\u00ba semestre de 2018, utilizar\u00e1 o Sistema de Sele\u00e7\u00e3o Unificada (SiSU).<\/p>\n<p style=\"text-align: justify\">S\u00e3o ofertadas\u00a0<strong>140 vagas<\/strong>, sendo 120 para o <strong>Campus Santa In\u00eas<\/strong> e 20 vagas para o Campus Bom Jesus da Lapa.<\/p>\n<hr \/>\n<p style=\"text-align: justify\">Estas e outras informa\u00e7\u00f5es est\u00e3o dispon\u00edveis em:\u00a0http:\/\/concurso.ifbaiano.edu.br\/portal\/sisu20182\/<\/p>\n<hr \/>\n<p style=\"text-align: justify\">\n","protected":false},"excerpt":{"rendered":"<p>S\u00e3o ofertadas 120 vaga para o Campus Santa In\u00eas<\/p>\n","protected":false},"author":86,"featured_media":0,"comment_status":"closed","ping_status":"closed","sticky":false,"template":"","format":"standard","meta":[],"categories":[4,12,5,10,8],"tags":[],"_links":{"self":[{"href":"https:\/\/www.ifbaiano.edu.br\/unidades\/santaines\/wp-json\/wp\/v2\/posts\/10513"}],"collection":[{"href":"https:\/\/www.ifbaiano.edu.br\/unidades\/santaines\/wp-json\/wp\/v2\/posts"}],"about":[{"href":"https:\/\/www.ifbaiano.edu.br\/unidades\/santaines\/wp-json\/wp\/v2\/types\/post"}],"author":[{"embeddable":true,"href":"https:\/\/www.ifbaiano.edu.br\/unidades\/santaines\/wp-json\/wp\/v2\/users\/86"}],"replies":[{"embeddable":true,"href":"https:\/\/www.ifbaiano.edu.br\/unidades\/santaines\/wp-json\/wp\/v2\/comments?post=10513"}],"version-history":[{"count":4,"href":"https:\/\/www.ifbaiano.edu.br\/unidades\/santaines\/wp-json\/wp\/v2\/posts\/10513\/revisions"}],"predecessor-version":[{"id":10518,"href":"https:\/\/www.ifbaiano.edu.br\/unidades\/santaines\/wp-json\/wp\/v2\/posts\/10513\/revisions\/10518"}],"wp:attachment":[{"href":"https:\/\/www.ifbaiano.edu.br\/unidades\/santaines\/wp-json\/wp\/v2\/media?parent=10513"}],"wp:term":[{"taxonomy":"category","embeddable":true,"href":"https:\/\/www.ifbaiano.edu.br\/unidades\/santaines\/wp-json\/wp\/v2\/categories?post=10513"},{"taxonomy":"post_tag","embeddable":true,"href":"https:\/\/www.ifbaiano.edu.br\/unidades\/santaines\/wp-json\/wp\/v2\/tags?post=10513"}],"curies":[{"name":"wp","href":"https:\/\/api.w.org\/{rel}","templated":true}]}}