{"id":10563,"date":"2018-07-18T10:32:04","date_gmt":"2018-07-18T13:32:04","guid":{"rendered":"http:\/\/www.ifbaiano.edu.br\/unidades\/santaines\/?p=10563"},"modified":"2018-07-27T13:20:33","modified_gmt":"2018-07-27T16:20:33","slug":"comeca-hoje-a-ii-semana-de-geografia-do-if-baiano-campus-santa-ines","status":"publish","type":"post","link":"https:\/\/www.ifbaiano.edu.br\/unidades\/santaines\/comeca-hoje-a-ii-semana-de-geografia-do-if-baiano-campus-santa-ines\/","title":{"rendered":"Come\u00e7a\u00a0hoje!"},"content":{"rendered":"<div>A II Semana de Geografia do IF Baiano Campus Santa In\u00eas re\u00fane professores, estudantes e profissionais da \u00e1rea para discutir e aperfei\u00e7oar\u00a0a forma\u00e7\u00e3o acad\u00eamica dos estudantes da Licenciatura do Instituto. Este ano, o tema da Semana \u00e9 \u201cA forma\u00e7\u00e3o dos professores de Geografia na atual conjuntura\u201d e vai discutir, entre outros subtemas, &#8220;A import\u00e2ncia do trabalho de campo na Geografia&#8221;, &#8220;O ensino da Geografia F\u00edsica&#8221; e &#8220;Geografia e Meio Ambiente&#8221; .\u00a0Veja mais informa\u00e7\u00f5es e a programa\u00e7\u00e3o:<span id=\"OBJ_PREFIX_DWT566_com_zimbra_url\" class=\"Object\"><span id=\"OBJ_PREFIX_DWT579_com_zimbra_url\" class=\"Object\"><a href=\"https:\/\/bit.ly\/2KJkeNS\" target=\"_blank\">https:\/\/bit.ly\/2KJkeNS<\/a><\/span><\/span><\/div>\n","protected":false},"excerpt":{"rendered":"<p>A semana discute a forma\u00e7\u00e3o do professor de geografia. <\/p>\n","protected":false},"author":102,"featured_media":10565,"comment_status":"closed","ping_status":"closed","sticky":false,"template":"","format":"standard","meta":[],"categories":[57],"tags":[],"_links":{"self":[{"href":"https:\/\/www.ifbaiano.edu.br\/unidades\/santaines\/wp-json\/wp\/v2\/posts\/10563"}],"collection":[{"href":"https:\/\/www.ifbaiano.edu.br\/unidades\/santaines\/wp-json\/wp\/v2\/posts"}],"about":[{"href":"https:\/\/www.ifbaiano.edu.br\/unidades\/santaines\/wp-json\/wp\/v2\/types\/post"}],"author":[{"embeddable":true,"href":"https:\/\/www.ifbaiano.edu.br\/unidades\/santaines\/wp-json\/wp\/v2\/users\/102"}],"replies":[{"embeddable":true,"href":"https:\/\/www.ifbaiano.edu.br\/unidades\/santaines\/wp-json\/wp\/v2\/comments?post=10563"}],"version-history":[{"count":4,"href":"https:\/\/www.ifbaiano.edu.br\/unidades\/santaines\/wp-json\/wp\/v2\/posts\/10563\/revisions"}],"predecessor-version":[{"id":10568,"href":"https:\/\/www.ifbaiano.edu.br\/unidades\/santaines\/wp-json\/wp\/v2\/posts\/10563\/revisions\/10568"}],"wp:featuredmedia":[{"embeddable":true,"href":"https:\/\/www.ifbaiano.edu.br\/unidades\/santaines\/wp-json\/wp\/v2\/media\/10565"}],"wp:attachment":[{"href":"https:\/\/www.ifbaiano.edu.br\/unidades\/santaines\/wp-json\/wp\/v2\/media?parent=10563"}],"wp:term":[{"taxonomy":"category","embeddable":true,"href":"https:\/\/www.ifbaiano.edu.br\/unidades\/santaines\/wp-json\/wp\/v2\/categories?post=10563"},{"taxonomy":"post_tag","embeddable":true,"href":"https:\/\/www.ifbaiano.edu.br\/unidades\/santaines\/wp-json\/wp\/v2\/tags?post=10563"}],"curies":[{"name":"wp","href":"https:\/\/api.w.org\/{rel}","templated":true}]}}