{"id":10569,"date":"2018-07-18T14:26:41","date_gmt":"2018-07-18T17:26:41","guid":{"rendered":"http:\/\/www.ifbaiano.edu.br\/unidades\/santaines\/?p=10569"},"modified":"2018-07-27T13:20:19","modified_gmt":"2018-07-27T16:20:19","slug":"lancado-edital-para-bolsas-do-pibidif-baiano","status":"publish","type":"post","link":"https:\/\/www.ifbaiano.edu.br\/unidades\/santaines\/lancado-edital-para-bolsas-do-pibidif-baiano\/","title":{"rendered":"Lan\u00e7ado edital para bolsas do PIBID\/IF Baiano"},"content":{"rendered":"<p>Come\u00e7am na pr\u00f3xima segunda-feira, 23, e v\u00e3o at\u00e9 o dia 26 de julho, as inscri\u00e7\u00f5es para o processo seletivo de at\u00e9 15 professores e 120 estudantes para participar, como bolsistas, do Programa Institucional de Bolsa de Inicia\u00e7\u00e3o \u00e0 Doc\u00eancia. Os estudantes precisam estar devidamente matriculados nas Licenciaturas em Qu\u00edmica (Campus Catu e Guanambi), Ci\u00eancias Biol\u00f3gicas (Campus Santa In\u00eas), Geografia (Campus Santa In\u00eas) e Ci\u00eancias da Computa\u00e7\u00e3o (Campus Senhor do Bonfim).<\/p>\n<p>O Projeto Institucional de Bolsa de Inicia\u00e7\u00e3o \u00e0 Doc\u00eancia do Instituto Federal de Educa\u00e7\u00e3o, Ci\u00eancia e Tecnologia Baiano (PIBID\/IF Baiano) est\u00e1 vinculado \u00e0 Pr\u00f3-Reitoria de Ensino (PROEN), tendo como t\u00edtulo \u201cMultirreferencialidade e inova\u00e7\u00e3o \u00e0 doc\u00eancia: interlocu\u00e7\u00f5es entre Educa\u00e7\u00e3o B\u00e1sica e a Forma\u00e7\u00e3o docente\u201d.<\/p>\n<p>Mais informa\u00e7\u00f5es nos editais dos processos seletivos publicado na p\u00e1gina <a href=\"http:\/\/ifbaiano.edu.br\/portal\/concursos\/\">Concurso<\/a> do site do IF Baiano.<\/p>\n","protected":false},"excerpt":{"rendered":"<p>Podem se inscrever estudantes dos campi Catu, Guanambi, Santa In\u00eas e Senhor do Bonfim.<\/p>\n","protected":false},"author":102,"featured_media":10570,"comment_status":"closed","ping_status":"closed","sticky":false,"template":"","format":"standard","meta":[],"categories":[57],"tags":[],"_links":{"self":[{"href":"https:\/\/www.ifbaiano.edu.br\/unidades\/santaines\/wp-json\/wp\/v2\/posts\/10569"}],"collection":[{"href":"https:\/\/www.ifbaiano.edu.br\/unidades\/santaines\/wp-json\/wp\/v2\/posts"}],"about":[{"href":"https:\/\/www.ifbaiano.edu.br\/unidades\/santaines\/wp-json\/wp\/v2\/types\/post"}],"author":[{"embeddable":true,"href":"https:\/\/www.ifbaiano.edu.br\/unidades\/santaines\/wp-json\/wp\/v2\/users\/102"}],"replies":[{"embeddable":true,"href":"https:\/\/www.ifbaiano.edu.br\/unidades\/santaines\/wp-json\/wp\/v2\/comments?post=10569"}],"version-history":[{"count":2,"href":"https:\/\/www.ifbaiano.edu.br\/unidades\/santaines\/wp-json\/wp\/v2\/posts\/10569\/revisions"}],"predecessor-version":[{"id":10572,"href":"https:\/\/www.ifbaiano.edu.br\/unidades\/santaines\/wp-json\/wp\/v2\/posts\/10569\/revisions\/10572"}],"wp:featuredmedia":[{"embeddable":true,"href":"https:\/\/www.ifbaiano.edu.br\/unidades\/santaines\/wp-json\/wp\/v2\/media\/10570"}],"wp:attachment":[{"href":"https:\/\/www.ifbaiano.edu.br\/unidades\/santaines\/wp-json\/wp\/v2\/media?parent=10569"}],"wp:term":[{"taxonomy":"category","embeddable":true,"href":"https:\/\/www.ifbaiano.edu.br\/unidades\/santaines\/wp-json\/wp\/v2\/categories?post=10569"},{"taxonomy":"post_tag","embeddable":true,"href":"https:\/\/www.ifbaiano.edu.br\/unidades\/santaines\/wp-json\/wp\/v2\/tags?post=10569"}],"curies":[{"name":"wp","href":"https:\/\/api.w.org\/{rel}","templated":true}]}}