{"id":1057,"date":"2012-02-03T14:31:49","date_gmt":"2012-02-03T17:31:49","guid":{"rendered":"http:\/\/www.ifbaiano.edu.br\/unidades\/santaines\/?p=1057"},"modified":"2012-02-03T14:31:49","modified_gmt":"2012-02-03T17:31:49","slug":"atencao-alunos-para-o-prazo-de-rematricula-3","status":"publish","type":"post","link":"https:\/\/www.ifbaiano.edu.br\/unidades\/santaines\/atencao-alunos-para-o-prazo-de-rematricula-3\/","title":{"rendered":"Aten\u00e7\u00e3o alunos para o prazo de rematr\u00edcula"},"content":{"rendered":"<p style=\"text-align: justify\">Fiquem atentos pois as datas ser\u00e3o diferentes para cada curso, ficando organizado da seguinte forma:<br \/>\nCursos integrados &#8211; De 02\/02\/2012 \u00e0 08\/02\/2012<br \/>\nCursos subsequentes e proejas &#8211; De 09\/02\/2012 \u00e0 10\/02\/2012<br \/>\n<span style=\"color: #ff0000\">Aten\u00e7\u00e3o: Alunos menores de idade devem estar acompanhados dos pais ou respons\u00e1veis<\/span><\/p>\n","protected":false},"excerpt":{"rendered":"<p>Fiquem atentos pois as datas ser\u00e3o diferentes para cada curso, ficando organizado da seguinte forma: Cursos integrados &#8211; De 02\/02\/2012 \u00e0 08\/02\/2012 Cursos subsequentes e proejas &#8211; De 09\/02\/2012 \u00e0 10\/02\/2012 Aten\u00e7\u00e3o: Alunos menores de idade devem estar acompanhados dos pais ou respons\u00e1veis<\/p>\n","protected":false},"author":26,"featured_media":0,"comment_status":"closed","ping_status":"closed","sticky":false,"template":"","format":"standard","meta":[],"categories":[10],"tags":[],"_links":{"self":[{"href":"https:\/\/www.ifbaiano.edu.br\/unidades\/santaines\/wp-json\/wp\/v2\/posts\/1057"}],"collection":[{"href":"https:\/\/www.ifbaiano.edu.br\/unidades\/santaines\/wp-json\/wp\/v2\/posts"}],"about":[{"href":"https:\/\/www.ifbaiano.edu.br\/unidades\/santaines\/wp-json\/wp\/v2\/types\/post"}],"author":[{"embeddable":true,"href":"https:\/\/www.ifbaiano.edu.br\/unidades\/santaines\/wp-json\/wp\/v2\/users\/26"}],"replies":[{"embeddable":true,"href":"https:\/\/www.ifbaiano.edu.br\/unidades\/santaines\/wp-json\/wp\/v2\/comments?post=1057"}],"version-history":[{"count":1,"href":"https:\/\/www.ifbaiano.edu.br\/unidades\/santaines\/wp-json\/wp\/v2\/posts\/1057\/revisions"}],"predecessor-version":[{"id":1058,"href":"https:\/\/www.ifbaiano.edu.br\/unidades\/santaines\/wp-json\/wp\/v2\/posts\/1057\/revisions\/1058"}],"wp:attachment":[{"href":"https:\/\/www.ifbaiano.edu.br\/unidades\/santaines\/wp-json\/wp\/v2\/media?parent=1057"}],"wp:term":[{"taxonomy":"category","embeddable":true,"href":"https:\/\/www.ifbaiano.edu.br\/unidades\/santaines\/wp-json\/wp\/v2\/categories?post=1057"},{"taxonomy":"post_tag","embeddable":true,"href":"https:\/\/www.ifbaiano.edu.br\/unidades\/santaines\/wp-json\/wp\/v2\/tags?post=1057"}],"curies":[{"name":"wp","href":"https:\/\/api.w.org\/{rel}","templated":true}]}}