{"id":10592,"date":"2018-07-30T16:23:51","date_gmt":"2018-07-30T19:23:51","guid":{"rendered":"http:\/\/www.ifbaiano.edu.br\/unidades\/santaines\/?p=10592"},"modified":"2018-07-30T16:23:51","modified_gmt":"2018-07-30T19:23:51","slug":"i-ciclo-de-debates","status":"publish","type":"post","link":"https:\/\/www.ifbaiano.edu.br\/unidades\/santaines\/i-ciclo-de-debates\/","title":{"rendered":"I Ciclo de Debates"},"content":{"rendered":"<h2>Conflitos s\u00f3cio-ambientais e reflex\u00f5es sobre alternativas na contemporaneidade<\/h2>\n<p>Debatedores<br \/>\nDr. Julimar Barreto Ferreira &#8211; Promotor de Justi\u00e7a<br \/>\nProf. Dr. Andr\u00e9 Leonardo &#8211; Campus Santa In\u00eas<br \/>\nProf\u00aa. Msc. C\u00e1tia Farago &#8211; Campus Santa In\u00eas<\/p>\n<p>Data: <strong>01 de agosto de 2018 \u00e0s 10 horas<\/strong><br \/>\nLocal: Audit\u00f3rio do Campus Santa In\u00eas<\/p>\n<p><em>Os participantes receber\u00e3o certificado do evento.<\/em><\/p>\n","protected":false},"excerpt":{"rendered":"<p>Dia 01 de agosto acontecer\u00e3o debates sobre Conflitos s\u00f3cio-ambientais e reflex\u00f5es sobre alternativas na contemporaneidade.<\/p>\n","protected":false},"author":74,"featured_media":10593,"comment_status":"closed","ping_status":"closed","sticky":false,"template":"","format":"standard","meta":[],"categories":[5],"tags":[],"_links":{"self":[{"href":"https:\/\/www.ifbaiano.edu.br\/unidades\/santaines\/wp-json\/wp\/v2\/posts\/10592"}],"collection":[{"href":"https:\/\/www.ifbaiano.edu.br\/unidades\/santaines\/wp-json\/wp\/v2\/posts"}],"about":[{"href":"https:\/\/www.ifbaiano.edu.br\/unidades\/santaines\/wp-json\/wp\/v2\/types\/post"}],"author":[{"embeddable":true,"href":"https:\/\/www.ifbaiano.edu.br\/unidades\/santaines\/wp-json\/wp\/v2\/users\/74"}],"replies":[{"embeddable":true,"href":"https:\/\/www.ifbaiano.edu.br\/unidades\/santaines\/wp-json\/wp\/v2\/comments?post=10592"}],"version-history":[{"count":1,"href":"https:\/\/www.ifbaiano.edu.br\/unidades\/santaines\/wp-json\/wp\/v2\/posts\/10592\/revisions"}],"predecessor-version":[{"id":10594,"href":"https:\/\/www.ifbaiano.edu.br\/unidades\/santaines\/wp-json\/wp\/v2\/posts\/10592\/revisions\/10594"}],"wp:featuredmedia":[{"embeddable":true,"href":"https:\/\/www.ifbaiano.edu.br\/unidades\/santaines\/wp-json\/wp\/v2\/media\/10593"}],"wp:attachment":[{"href":"https:\/\/www.ifbaiano.edu.br\/unidades\/santaines\/wp-json\/wp\/v2\/media?parent=10592"}],"wp:term":[{"taxonomy":"category","embeddable":true,"href":"https:\/\/www.ifbaiano.edu.br\/unidades\/santaines\/wp-json\/wp\/v2\/categories?post=10592"},{"taxonomy":"post_tag","embeddable":true,"href":"https:\/\/www.ifbaiano.edu.br\/unidades\/santaines\/wp-json\/wp\/v2\/tags?post=10592"}],"curies":[{"name":"wp","href":"https:\/\/api.w.org\/{rel}","templated":true}]}}