{"id":10618,"date":"2018-08-10T14:12:55","date_gmt":"2018-08-10T17:12:55","guid":{"rendered":"http:\/\/www.ifbaiano.edu.br\/unidades\/santaines\/?p=10618"},"modified":"2018-08-10T14:31:19","modified_gmt":"2018-08-10T17:31:19","slug":"campus-santa-ines-convoca-candidatos-da-lista-de-espera-para-reuniao-sisu2018-2","status":"publish","type":"post","link":"https:\/\/www.ifbaiano.edu.br\/unidades\/santaines\/campus-santa-ines-convoca-candidatos-da-lista-de-espera-para-reuniao-sisu2018-2\/","title":{"rendered":"Campus Santa In\u00eas convoca candidatos da lista de espera para reuni\u00e3o \u2013 SISU\/2018.2"},"content":{"rendered":"<hr \/>\n<p><a href=\"http:\/\/concurso.ifbaiano.edu.br\/portal\/sisu20182\/\"><img decoding=\"async\" loading=\"lazy\" class=\"alignnone wp-image-10619\" src=\"http:\/\/www.ifbaiano.edu.br\/unidades\/santaines\/files\/2018\/08\/SISU-2018.2.png\" alt=\"SISU 2018.2\" width=\"785\" height=\"373\" \/><\/a><\/p>\n<hr \/>\n<p><a href=\"http:\/\/concurso.ifbaiano.edu.br\/portal\/sisu20182\/\">Clique AQUI e veja todas as orienta\u00e7\u00f5es sobre a reuni\u00e3o.<\/a><\/p>\n<hr \/>\n<p>&nbsp;<\/p>\n","protected":false},"excerpt":{"rendered":"<p>A reuni\u00e3o ser\u00e1 realizada no AUDIT\u00d3RIO DA BIBLIOTECA do Instituto Federal de Educa\u00e7\u00e3o, Ci\u00eancia e Tecnologia Baiano \u2013 Campus Santa In\u00eas, Rodovia BR 420 Km 2,5, S\/N \u2013 Zona Rural \u2013 Santa In\u00eas-BA, CEP 45320-000<\/p>\n","protected":false},"author":86,"featured_media":0,"comment_status":"closed","ping_status":"closed","sticky":false,"template":"","format":"standard","meta":[],"categories":[4,5,10,57],"tags":[],"_links":{"self":[{"href":"https:\/\/www.ifbaiano.edu.br\/unidades\/santaines\/wp-json\/wp\/v2\/posts\/10618"}],"collection":[{"href":"https:\/\/www.ifbaiano.edu.br\/unidades\/santaines\/wp-json\/wp\/v2\/posts"}],"about":[{"href":"https:\/\/www.ifbaiano.edu.br\/unidades\/santaines\/wp-json\/wp\/v2\/types\/post"}],"author":[{"embeddable":true,"href":"https:\/\/www.ifbaiano.edu.br\/unidades\/santaines\/wp-json\/wp\/v2\/users\/86"}],"replies":[{"embeddable":true,"href":"https:\/\/www.ifbaiano.edu.br\/unidades\/santaines\/wp-json\/wp\/v2\/comments?post=10618"}],"version-history":[{"count":6,"href":"https:\/\/www.ifbaiano.edu.br\/unidades\/santaines\/wp-json\/wp\/v2\/posts\/10618\/revisions"}],"predecessor-version":[{"id":10625,"href":"https:\/\/www.ifbaiano.edu.br\/unidades\/santaines\/wp-json\/wp\/v2\/posts\/10618\/revisions\/10625"}],"wp:attachment":[{"href":"https:\/\/www.ifbaiano.edu.br\/unidades\/santaines\/wp-json\/wp\/v2\/media?parent=10618"}],"wp:term":[{"taxonomy":"category","embeddable":true,"href":"https:\/\/www.ifbaiano.edu.br\/unidades\/santaines\/wp-json\/wp\/v2\/categories?post=10618"},{"taxonomy":"post_tag","embeddable":true,"href":"https:\/\/www.ifbaiano.edu.br\/unidades\/santaines\/wp-json\/wp\/v2\/tags?post=10618"}],"curies":[{"name":"wp","href":"https:\/\/api.w.org\/{rel}","templated":true}]}}