{"id":10678,"date":"2018-09-17T17:25:33","date_gmt":"2018-09-17T20:25:33","guid":{"rendered":"http:\/\/www.ifbaiano.edu.br\/unidades\/santaines\/?p=10678"},"modified":"2018-09-28T13:49:51","modified_gmt":"2018-09-28T16:49:51","slug":"feira-de-saude-e-cidadania-2018-if-baiano-campus-santa-ines","status":"publish","type":"post","link":"https:\/\/www.ifbaiano.edu.br\/unidades\/santaines\/feira-de-saude-e-cidadania-2018-if-baiano-campus-santa-ines\/","title":{"rendered":"Feira de Sa\u00fade e Cidadania 2018 &#8211; IF Baiano Campus Santa In\u00eas"},"content":{"rendered":"<p><a href=\"http:\/\/www.ifbaiano.edu.br\/unidades\/santaines\/files\/2018\/09\/programacao-feira-de-saude-2018-santa-ines.pdf\" target=\"_blank\">Clique aqui para conferir a programa\u00e7\u00e3o do evento.<\/a><\/p>\n<hr \/>\n<p style=\"text-align: justify;\" align=\"justify\"><span style=\"font-family: 'Times New Roman', serif;\"><span style=\"font-size: medium;\">A Feira de Sa\u00fade e Cidadania acontecer\u00e1 nos dias 02 e 03\/10\/2018 e tem como finalidade fornecer ao p\u00fablico interno (estudantes e servidores) e externo ao IF Baiano acesso a servi\u00e7os de educa\u00e7\u00e3o em sa\u00fade, servi\u00e7os de sa\u00fade diferenciados e servi\u00e7os que promovam a forma\u00e7\u00e3o cidad\u00e3.<\/span><\/span><\/p>\n<p style=\"text-align: justify;\" align=\"justify\"><span style=\"color: #000000;\"><span style=\"font-family: Calibri;\"><span style=\"font-size: small;\"><span style=\"font-family: 'Times New Roman', serif;\"><span style=\"font-size: medium;\">Dentre os temas de sa\u00fade, pretende-se explorar a preven\u00e7\u00e3o de doen\u00e7as cardiovasculares, diabetes, preven\u00e7\u00e3o dos c\u00e2nceres de colo de \u00fatero e de pr\u00f3stata, obesidade, doen\u00e7as mentais, promo\u00e7\u00e3o de atividades f\u00edsicas. No intuito de promover a\u00e7\u00f5es de cidadania pretende-se oferecer servi\u00e7os educa\u00e7\u00e3o alimentar, maquiagem, penteado, primeiros socorros e cuidados com a pele,\u00a0<\/span><\/span><span style=\"font-family: 'Times New Roman', serif;\"><span style=\"font-size: medium;\">capoeira, defesa pessoal, yoga, dan\u00e7a, ciclismo, entre outras<\/span><\/span><span style=\"font-family: 'Times New Roman', serif;\"><span style=\"font-size: medium;\">.<\/span><\/span><\/span><\/span><\/span><\/p>\n<hr \/>\n<p style=\"text-align: justify;\" align=\"justify\">As\u00a0inscri\u00e7\u00f5es para a sele\u00e7\u00e3o de estudantes interessados em participar como monitores da Feira de Sa\u00fade e Cidadania do Campus Santa In\u00eas aconteceram de\u00a020 a 23 de agosto 2018.<\/p>\n<p style=\"text-align: justify;\" align=\"justify\"><a href=\"http:\/\/www.ifbaiano.edu.br\/unidades\/santaines\/files\/2018\/08\/Processo-Seletivo-Simplificado-Monitoria-Feira-de-Sa\u00fade.pdf\">Clique AQUI para acessar o EDITAL DE MONITORIA<\/a><\/p>\n<hr \/>\n<p style=\"text-align: justify;\" align=\"justify\"><strong>Inscri\u00e7\u00f5es abertas para as atividades:<\/strong> PARTICIPE!<\/p>\n<p style=\"text-align: justify;\" align=\"justify\"><strong>P\u00fablico alvo:<\/strong> Estudantes, funcion\u00e1rios e servidores do Campus Santa In\u00eas.<\/p>\n<p style=\"text-align: justify;\" align=\"justify\">Abertas as inscri\u00e7\u00f5es para as atividades da Feira de Sa\u00fade e Cidadania no per\u00edodo de\u00a019 a <span id=\"OBJ_PREFIX_DWT249_com_zimbra_date\" class=\"Object\"><span id=\"OBJ_PREFIX_DWT252_com_zimbra_date\" class=\"Object\">21 de Setembro.<\/span><\/span><\/p>\n<p style=\"text-align: justify;\" align=\"justify\">Ser\u00e3o ofertados diferentes servi\u00e7os e atividades como: exame preventivo, cortes de cabelo, oficinas e minicursos.<\/p>\n<p style=\"text-align: justify;\" align=\"justify\">As vagas s\u00e3o limitadas, compare\u00e7a a sala de Psicologia no per\u00edodo definido e garanta a sua inscri\u00e7\u00e3o.<\/p>\n<p><strong>Data:<\/strong> 19 a <span id=\"OBJ_PREFIX_DWT248_com_zimbra_date\" class=\"Object\"><span id=\"OBJ_PREFIX_DWT251_com_zimbra_date\" class=\"Object\">21 de Setembro<\/span><\/span><\/p>\n<p style=\"text-align: justify;\" align=\"justify\"><strong>Local:<\/strong> Sala de Psicologia<\/p>\n<p style=\"text-align: justify;\" align=\"justify\"><strong>Hor\u00e1rios:<\/strong> 19 e 20\/09 &#8211; 07:30 h \u00e0s 11:30 h\/ 13:30 \u00e0s 22 h<\/p>\n<p style=\"text-align: justify;\" align=\"justify\">\u00a0 \u00a0 \u00a0 \u00a0 \u00a0 \u00a0 \u00a0 \u00a0 \u00a0 \u00a0 \u00a0 21\/09 &#8211; 07:30 h \u00e0s 11:30 h\/ 13:30 \u00e0s 17:30 h<\/p>\n<hr \/>\n<p align=\"justify\">\n","protected":false},"excerpt":{"rendered":"<p>Inscri\u00e7\u00f5es para a sele\u00e7\u00e3o de estudantes monitores abertas de 20 a 23 de agosto 2018. <\/p>\n","protected":false},"author":86,"featured_media":10667,"comment_status":"closed","ping_status":"closed","sticky":false,"template":"","format":"standard","meta":[],"categories":[4,10,57],"tags":[],"_links":{"self":[{"href":"https:\/\/www.ifbaiano.edu.br\/unidades\/santaines\/wp-json\/wp\/v2\/posts\/10678"}],"collection":[{"href":"https:\/\/www.ifbaiano.edu.br\/unidades\/santaines\/wp-json\/wp\/v2\/posts"}],"about":[{"href":"https:\/\/www.ifbaiano.edu.br\/unidades\/santaines\/wp-json\/wp\/v2\/types\/post"}],"author":[{"embeddable":true,"href":"https:\/\/www.ifbaiano.edu.br\/unidades\/santaines\/wp-json\/wp\/v2\/users\/86"}],"replies":[{"embeddable":true,"href":"https:\/\/www.ifbaiano.edu.br\/unidades\/santaines\/wp-json\/wp\/v2\/comments?post=10678"}],"version-history":[{"count":12,"href":"https:\/\/www.ifbaiano.edu.br\/unidades\/santaines\/wp-json\/wp\/v2\/posts\/10678\/revisions"}],"predecessor-version":[{"id":10858,"href":"https:\/\/www.ifbaiano.edu.br\/unidades\/santaines\/wp-json\/wp\/v2\/posts\/10678\/revisions\/10858"}],"wp:featuredmedia":[{"embeddable":true,"href":"https:\/\/www.ifbaiano.edu.br\/unidades\/santaines\/wp-json\/wp\/v2\/media\/10667"}],"wp:attachment":[{"href":"https:\/\/www.ifbaiano.edu.br\/unidades\/santaines\/wp-json\/wp\/v2\/media?parent=10678"}],"wp:term":[{"taxonomy":"category","embeddable":true,"href":"https:\/\/www.ifbaiano.edu.br\/unidades\/santaines\/wp-json\/wp\/v2\/categories?post=10678"},{"taxonomy":"post_tag","embeddable":true,"href":"https:\/\/www.ifbaiano.edu.br\/unidades\/santaines\/wp-json\/wp\/v2\/tags?post=10678"}],"curies":[{"name":"wp","href":"https:\/\/api.w.org\/{rel}","templated":true}]}}