{"id":1076,"date":"2012-02-06T09:48:14","date_gmt":"2012-02-06T12:48:14","guid":{"rendered":"http:\/\/www.ifbaiano.edu.br\/unidades\/santaines\/?p=1076"},"modified":"2012-02-06T09:48:14","modified_gmt":"2012-02-06T12:48:14","slug":"i-mostra-de-acoes-multidisciplinares-inscricoes-abertas-2","status":"publish","type":"post","link":"https:\/\/www.ifbaiano.edu.br\/unidades\/santaines\/i-mostra-de-acoes-multidisciplinares-inscricoes-abertas-2\/","title":{"rendered":"I Mostra de A\u00e7\u00f5es Multidisciplinares &#8211; Inscri\u00e7\u00f5es abertas"},"content":{"rendered":"<p>Visando que a realidade escolar n\u00e3o pode se limitar apenas aos padr\u00f5es de avalia\u00e7\u00f5es tradicionais, predominantemente feitos em salas de aula com a aplica\u00e7\u00e3o de provas, o corpo docente do IF Baiano \u2013 Campus Santa In\u00eas, criou a <strong>I<\/strong> <strong>Mostra de A\u00e7\u00f5es Multidisciplinares<\/strong>, onde um novo formato de avalia\u00e7\u00f5es est\u00e1 sendo proposto. A id\u00e9ia \u00e9 que o estudante do curso t\u00e9cnico integrado seja analisado n\u00e3o s\u00f3 pelo aspecto do conte\u00fado memorizado, mas tamb\u00e9m pelo desenvolvimento cient\u00edfico, art\u00edstico e cultural, englobando uma s\u00e9rie de atividades, inclusive extraclasses, que auxiliem o discente a desenvolver sua vis\u00e3o cr\u00edtica social e pol\u00edtica, preparando-o para a vida na sociedade de maneira mais abrangente do que partindo de uma educa\u00e7\u00e3o puramente tecnicista.<\/p>\n<p>Os estudantes interessados em participar deste processo devem se inscrever atrav\u00e9s do link: <a href=\"http:\/\/www.si.ifbaiano.edu.br\/academico\/acoes.htm\" target=\"_blank\">http:\/\/www.si.ifbaiano.edu.br\/academico\/acoes.htm<\/a><\/p>\n<p>&nbsp;<\/p>\n","protected":false},"excerpt":{"rendered":"<p>Visando que a realidade escolar n\u00e3o pode se limitar apenas aos padr\u00f5es de avalia\u00e7\u00f5es tradicionais, predominantemente feitos em salas de aula com a aplica\u00e7\u00e3o de provas, o corpo docente do IF Baiano \u2013 Campus Santa In\u00eas, criou a I Mostra de A\u00e7\u00f5es Multidisciplinares, onde um novo formato de avalia\u00e7\u00f5es est\u00e1 sendo proposto. A id\u00e9ia \u00e9 [&hellip;]<\/p>\n","protected":false},"author":26,"featured_media":0,"comment_status":"closed","ping_status":"closed","sticky":false,"template":"","format":"standard","meta":[],"categories":[10],"tags":[],"_links":{"self":[{"href":"https:\/\/www.ifbaiano.edu.br\/unidades\/santaines\/wp-json\/wp\/v2\/posts\/1076"}],"collection":[{"href":"https:\/\/www.ifbaiano.edu.br\/unidades\/santaines\/wp-json\/wp\/v2\/posts"}],"about":[{"href":"https:\/\/www.ifbaiano.edu.br\/unidades\/santaines\/wp-json\/wp\/v2\/types\/post"}],"author":[{"embeddable":true,"href":"https:\/\/www.ifbaiano.edu.br\/unidades\/santaines\/wp-json\/wp\/v2\/users\/26"}],"replies":[{"embeddable":true,"href":"https:\/\/www.ifbaiano.edu.br\/unidades\/santaines\/wp-json\/wp\/v2\/comments?post=1076"}],"version-history":[{"count":1,"href":"https:\/\/www.ifbaiano.edu.br\/unidades\/santaines\/wp-json\/wp\/v2\/posts\/1076\/revisions"}],"predecessor-version":[{"id":1077,"href":"https:\/\/www.ifbaiano.edu.br\/unidades\/santaines\/wp-json\/wp\/v2\/posts\/1076\/revisions\/1077"}],"wp:attachment":[{"href":"https:\/\/www.ifbaiano.edu.br\/unidades\/santaines\/wp-json\/wp\/v2\/media?parent=1076"}],"wp:term":[{"taxonomy":"category","embeddable":true,"href":"https:\/\/www.ifbaiano.edu.br\/unidades\/santaines\/wp-json\/wp\/v2\/categories?post=1076"},{"taxonomy":"post_tag","embeddable":true,"href":"https:\/\/www.ifbaiano.edu.br\/unidades\/santaines\/wp-json\/wp\/v2\/tags?post=1076"}],"curies":[{"name":"wp","href":"https:\/\/api.w.org\/{rel}","templated":true}]}}